{"id":704,"date":"2023-05-01T11:14:00","date_gmt":"2023-05-01T09:14:00","guid":{"rendered":"https:\/\/comunus.ch\/?p=704"},"modified":"2025-10-05T13:40:11","modified_gmt":"2025-10-05T11:40:11","slug":"comunus-prevoit-une-augmentation-de-capital-pour-poursuivre-sa-croissance","status":"publish","type":"post","link":"https:\/\/comunus.ch\/en\/comunus-prevoit-une-augmentation-de-capital-pour-poursuivre-sa-croissance\/","title":{"rendered":"Augmentation de capital pr\u00e9vue"},"content":{"rendered":"\n<p>S\u2019inscrivant dans une perspective de cr\u00e9ation de valeur durable gr\u00e2ce \u00e0 une gestion dynamique du portefeuille, Comunus proc\u00e8dera \u00e0 une \u00e9mission de nouvelles actions. La p\u00e9riode de souscription durera du 8 mai au 2 juin 2023 avec une lib\u00e9ration des actions le 12 juin 2023. La mise en \u0153uvre de l\u2019augmentation de capital sera assur\u00e9e par la banque d\u00e9positaire, la Banque Cantonale Vaudoise, Lausanne.\u00a0<\/p>\n\n\n\n<p><\/p>\n","protected":false},"excerpt":{"rendered":"<p>S\u2019inscrivant dans une perspective de cr\u00e9ation de valeur durable gr\u00e2ce \u00e0 une gestion dynamique du portefeuille, Comunus proc\u00e8dera \u00e0 une [&hellip;]<\/p>\n","protected":false},"author":1,"featured_media":2810,"comment_status":"closed","ping_status":"closed","sticky":false,"template":"","format":"standard","meta":{"_acf_changed":false,"footnotes":""},"categories":[3],"tags":[],"type-of-post":[],"post-year":[97],"class_list":["post-704","post","type-post","status-publish","format-standard","has-post-thumbnail","hentry","category-actualites","post-year-97"],"acf":[],"yoast_head":"<!-- This site is optimized with the Yoast SEO plugin v27.4 - https:\/\/yoast.com\/product\/yoast-seo-wordpress\/ -->\n<title>Augmentation de capital pr\u00e9vue - Comunus<\/title>\n<meta name=\"robots\" content=\"index, follow, max-snippet:-1, max-image-preview:large, max-video-preview:-1\" \/>\n<link rel=\"canonical\" href=\"https:\/\/comunus.ch\/comunus-prevoit-une-augmentation-de-capital-pour-poursuivre-sa-croissance\/\" \/>\n<meta property=\"og:locale\" content=\"en_US\" \/>\n<meta property=\"og:type\" content=\"article\" \/>\n<meta property=\"og:title\" content=\"Augmentation de capital pr\u00e9vue - Comunus\" \/>\n<meta property=\"og:description\" content=\"S\u2019inscrivant dans une perspective de cr\u00e9ation de valeur durable gr\u00e2ce \u00e0 une gestion dynamique du portefeuille, Comunus proc\u00e8dera \u00e0 une [&hellip;]\" \/>\n<meta property=\"og:url\" content=\"https:\/\/comunus.ch\/comunus-prevoit-une-augmentation-de-capital-pour-poursuivre-sa-croissance\/\" \/>\n<meta property=\"og:site_name\" content=\"Comunus\" \/>\n<meta property=\"article:published_time\" content=\"2023-05-01T09:14:00+00:00\" \/>\n<meta property=\"article:modified_time\" content=\"2025-10-05T11:40:11+00:00\" \/>\n<meta property=\"og:image\" content=\"https:\/\/comunus.ch\/wp-content\/uploads\/2023\/07\/Actu_CapitalPrevue.jpg\" \/>\n\t<meta property=\"og:image:width\" content=\"1024\" \/>\n\t<meta property=\"og:image:height\" content=\"683\" \/>\n\t<meta property=\"og:image:type\" content=\"image\/jpeg\" \/>\n<meta name=\"author\" content=\"blossom-dev\" \/>\n<meta name=\"twitter:card\" content=\"summary_large_image\" \/>\n<meta name=\"twitter:label1\" content=\"Written by\" \/>\n\t<meta name=\"twitter:data1\" content=\"blossom-dev\" \/>\n<script type=\"application\/ld+json\" class=\"yoast-schema-graph\">{\"@context\":\"https:\\\/\\\/schema.org\",\"@graph\":[{\"@type\":\"Article\",\"@id\":\"https:\\\/\\\/comunus.ch\\\/comunus-prevoit-une-augmentation-de-capital-pour-poursuivre-sa-croissance\\\/#article\",\"isPartOf\":{\"@id\":\"https:\\\/\\\/comunus.ch\\\/comunus-prevoit-une-augmentation-de-capital-pour-poursuivre-sa-croissance\\\/\"},\"author\":{\"name\":\"blossom-dev\",\"@id\":\"https:\\\/\\\/comunus.ch\\\/#\\\/schema\\\/person\\\/d8791277f37079a00ea7b2659881af5c\"},\"headline\":\"Augmentation de capital pr\u00e9vue\",\"datePublished\":\"2023-05-01T09:14:00+00:00\",\"dateModified\":\"2025-10-05T11:40:11+00:00\",\"mainEntityOfPage\":{\"@id\":\"https:\\\/\\\/comunus.ch\\\/comunus-prevoit-une-augmentation-de-capital-pour-poursuivre-sa-croissance\\\/\"},\"wordCount\":71,\"publisher\":{\"@id\":\"https:\\\/\\\/comunus.ch\\\/#organization\"},\"image\":{\"@id\":\"https:\\\/\\\/comunus.ch\\\/comunus-prevoit-une-augmentation-de-capital-pour-poursuivre-sa-croissance\\\/#primaryimage\"},\"thumbnailUrl\":\"https:\\\/\\\/comunus.ch\\\/wp-content\\\/uploads\\\/2023\\\/07\\\/Actu_CapitalPrevue.jpg\",\"articleSection\":[\"Actualit\u00e9s\"],\"inLanguage\":\"en-US\"},{\"@type\":\"WebPage\",\"@id\":\"https:\\\/\\\/comunus.ch\\\/comunus-prevoit-une-augmentation-de-capital-pour-poursuivre-sa-croissance\\\/\",\"url\":\"https:\\\/\\\/comunus.ch\\\/comunus-prevoit-une-augmentation-de-capital-pour-poursuivre-sa-croissance\\\/\",\"name\":\"Augmentation de capital pr\u00e9vue - Comunus\",\"isPartOf\":{\"@id\":\"https:\\\/\\\/comunus.ch\\\/#website\"},\"primaryImageOfPage\":{\"@id\":\"https:\\\/\\\/comunus.ch\\\/comunus-prevoit-une-augmentation-de-capital-pour-poursuivre-sa-croissance\\\/#primaryimage\"},\"image\":{\"@id\":\"https:\\\/\\\/comunus.ch\\\/comunus-prevoit-une-augmentation-de-capital-pour-poursuivre-sa-croissance\\\/#primaryimage\"},\"thumbnailUrl\":\"https:\\\/\\\/comunus.ch\\\/wp-content\\\/uploads\\\/2023\\\/07\\\/Actu_CapitalPrevue.jpg\",\"datePublished\":\"2023-05-01T09:14:00+00:00\",\"dateModified\":\"2025-10-05T11:40:11+00:00\",\"breadcrumb\":{\"@id\":\"https:\\\/\\\/comunus.ch\\\/comunus-prevoit-une-augmentation-de-capital-pour-poursuivre-sa-croissance\\\/#breadcrumb\"},\"inLanguage\":\"en-US\",\"potentialAction\":[{\"@type\":\"ReadAction\",\"target\":[\"https:\\\/\\\/comunus.ch\\\/comunus-prevoit-une-augmentation-de-capital-pour-poursuivre-sa-croissance\\\/\"]}]},{\"@type\":\"ImageObject\",\"inLanguage\":\"en-US\",\"@id\":\"https:\\\/\\\/comunus.ch\\\/comunus-prevoit-une-augmentation-de-capital-pour-poursuivre-sa-croissance\\\/#primaryimage\",\"url\":\"https:\\\/\\\/comunus.ch\\\/wp-content\\\/uploads\\\/2023\\\/07\\\/Actu_CapitalPrevue.jpg\",\"contentUrl\":\"https:\\\/\\\/comunus.ch\\\/wp-content\\\/uploads\\\/2023\\\/07\\\/Actu_CapitalPrevue.jpg\",\"width\":1024,\"height\":683},{\"@type\":\"BreadcrumbList\",\"@id\":\"https:\\\/\\\/comunus.ch\\\/comunus-prevoit-une-augmentation-de-capital-pour-poursuivre-sa-croissance\\\/#breadcrumb\",\"itemListElement\":[{\"@type\":\"ListItem\",\"position\":1,\"name\":\"Home\",\"item\":\"https:\\\/\\\/comunus.ch\\\/en\\\/\"},{\"@type\":\"ListItem\",\"position\":2,\"name\":\"Augmentation de capital pr\u00e9vue\"}]},{\"@type\":\"WebSite\",\"@id\":\"https:\\\/\\\/comunus.ch\\\/#website\",\"url\":\"https:\\\/\\\/comunus.ch\\\/\",\"name\":\"Comunus\",\"description\":\"Fonds pour investisseurs qualifi\u00e9s\",\"publisher\":{\"@id\":\"https:\\\/\\\/comunus.ch\\\/#organization\"},\"potentialAction\":[{\"@type\":\"SearchAction\",\"target\":{\"@type\":\"EntryPoint\",\"urlTemplate\":\"https:\\\/\\\/comunus.ch\\\/?s={search_term_string}\"},\"query-input\":{\"@type\":\"PropertyValueSpecification\",\"valueRequired\":true,\"valueName\":\"search_term_string\"}}],\"inLanguage\":\"en-US\"},{\"@type\":\"Organization\",\"@id\":\"https:\\\/\\\/comunus.ch\\\/#organization\",\"name\":\"Comunus\",\"url\":\"https:\\\/\\\/comunus.ch\\\/\",\"logo\":{\"@type\":\"ImageObject\",\"inLanguage\":\"en-US\",\"@id\":\"https:\\\/\\\/comunus.ch\\\/#\\\/schema\\\/logo\\\/image\\\/\",\"url\":\"https:\\\/\\\/comunus.ch\\\/wp-content\\\/uploads\\\/2023\\\/07\\\/logo-comunus.svg\",\"contentUrl\":\"https:\\\/\\\/comunus.ch\\\/wp-content\\\/uploads\\\/2023\\\/07\\\/logo-comunus.svg\",\"width\":190,\"height\":26,\"caption\":\"Comunus\"},\"image\":{\"@id\":\"https:\\\/\\\/comunus.ch\\\/#\\\/schema\\\/logo\\\/image\\\/\"}},{\"@type\":\"Person\",\"@id\":\"https:\\\/\\\/comunus.ch\\\/#\\\/schema\\\/person\\\/d8791277f37079a00ea7b2659881af5c\",\"name\":\"blossom-dev\",\"image\":{\"@type\":\"ImageObject\",\"inLanguage\":\"en-US\",\"@id\":\"https:\\\/\\\/secure.gravatar.com\\\/avatar\\\/be08f06ab03567daa73952fd7ec274f6f7e4d895089f1e9921e1c1a1d6e095b9?s=96&d=mm&r=g\",\"url\":\"https:\\\/\\\/secure.gravatar.com\\\/avatar\\\/be08f06ab03567daa73952fd7ec274f6f7e4d895089f1e9921e1c1a1d6e095b9?s=96&d=mm&r=g\",\"contentUrl\":\"https:\\\/\\\/secure.gravatar.com\\\/avatar\\\/be08f06ab03567daa73952fd7ec274f6f7e4d895089f1e9921e1c1a1d6e095b9?s=96&d=mm&r=g\",\"caption\":\"blossom-dev\"},\"sameAs\":[\"https:\\\/\\\/comunus.ch\"],\"url\":\"https:\\\/\\\/comunus.ch\\\/en\\\/author\\\/devsector\\\/\"}]}<\/script>\n<!-- \/ Yoast SEO plugin. -->","yoast_head_json":{"title":"Augmentation de capital pr\u00e9vue - Comunus","robots":{"index":"index","follow":"follow","max-snippet":"max-snippet:-1","max-image-preview":"max-image-preview:large","max-video-preview":"max-video-preview:-1"},"canonical":"https:\/\/comunus.ch\/comunus-prevoit-une-augmentation-de-capital-pour-poursuivre-sa-croissance\/","og_locale":"en_US","og_type":"article","og_title":"Augmentation de capital pr\u00e9vue - Comunus","og_description":"S\u2019inscrivant dans une perspective de cr\u00e9ation de valeur durable gr\u00e2ce \u00e0 une gestion dynamique du portefeuille, Comunus proc\u00e8dera \u00e0 une [&hellip;]","og_url":"https:\/\/comunus.ch\/comunus-prevoit-une-augmentation-de-capital-pour-poursuivre-sa-croissance\/","og_site_name":"Comunus","article_published_time":"2023-05-01T09:14:00+00:00","article_modified_time":"2025-10-05T11:40:11+00:00","og_image":[{"width":1024,"height":683,"url":"https:\/\/comunus.ch\/wp-content\/uploads\/2023\/07\/Actu_CapitalPrevue.jpg","type":"image\/jpeg"}],"author":"blossom-dev","twitter_card":"summary_large_image","twitter_misc":{"Written by":"blossom-dev"},"schema":{"@context":"https:\/\/schema.org","@graph":[{"@type":"Article","@id":"https:\/\/comunus.ch\/comunus-prevoit-une-augmentation-de-capital-pour-poursuivre-sa-croissance\/#article","isPartOf":{"@id":"https:\/\/comunus.ch\/comunus-prevoit-une-augmentation-de-capital-pour-poursuivre-sa-croissance\/"},"author":{"name":"blossom-dev","@id":"https:\/\/comunus.ch\/#\/schema\/person\/d8791277f37079a00ea7b2659881af5c"},"headline":"Augmentation de capital pr\u00e9vue","datePublished":"2023-05-01T09:14:00+00:00","dateModified":"2025-10-05T11:40:11+00:00","mainEntityOfPage":{"@id":"https:\/\/comunus.ch\/comunus-prevoit-une-augmentation-de-capital-pour-poursuivre-sa-croissance\/"},"wordCount":71,"publisher":{"@id":"https:\/\/comunus.ch\/#organization"},"image":{"@id":"https:\/\/comunus.ch\/comunus-prevoit-une-augmentation-de-capital-pour-poursuivre-sa-croissance\/#primaryimage"},"thumbnailUrl":"https:\/\/comunus.ch\/wp-content\/uploads\/2023\/07\/Actu_CapitalPrevue.jpg","articleSection":["Actualit\u00e9s"],"inLanguage":"en-US"},{"@type":"WebPage","@id":"https:\/\/comunus.ch\/comunus-prevoit-une-augmentation-de-capital-pour-poursuivre-sa-croissance\/","url":"https:\/\/comunus.ch\/comunus-prevoit-une-augmentation-de-capital-pour-poursuivre-sa-croissance\/","name":"Augmentation de capital pr\u00e9vue - Comunus","isPartOf":{"@id":"https:\/\/comunus.ch\/#website"},"primaryImageOfPage":{"@id":"https:\/\/comunus.ch\/comunus-prevoit-une-augmentation-de-capital-pour-poursuivre-sa-croissance\/#primaryimage"},"image":{"@id":"https:\/\/comunus.ch\/comunus-prevoit-une-augmentation-de-capital-pour-poursuivre-sa-croissance\/#primaryimage"},"thumbnailUrl":"https:\/\/comunus.ch\/wp-content\/uploads\/2023\/07\/Actu_CapitalPrevue.jpg","datePublished":"2023-05-01T09:14:00+00:00","dateModified":"2025-10-05T11:40:11+00:00","breadcrumb":{"@id":"https:\/\/comunus.ch\/comunus-prevoit-une-augmentation-de-capital-pour-poursuivre-sa-croissance\/#breadcrumb"},"inLanguage":"en-US","potentialAction":[{"@type":"ReadAction","target":["https:\/\/comunus.ch\/comunus-prevoit-une-augmentation-de-capital-pour-poursuivre-sa-croissance\/"]}]},{"@type":"ImageObject","inLanguage":"en-US","@id":"https:\/\/comunus.ch\/comunus-prevoit-une-augmentation-de-capital-pour-poursuivre-sa-croissance\/#primaryimage","url":"https:\/\/comunus.ch\/wp-content\/uploads\/2023\/07\/Actu_CapitalPrevue.jpg","contentUrl":"https:\/\/comunus.ch\/wp-content\/uploads\/2023\/07\/Actu_CapitalPrevue.jpg","width":1024,"height":683},{"@type":"BreadcrumbList","@id":"https:\/\/comunus.ch\/comunus-prevoit-une-augmentation-de-capital-pour-poursuivre-sa-croissance\/#breadcrumb","itemListElement":[{"@type":"ListItem","position":1,"name":"Home","item":"https:\/\/comunus.ch\/en\/"},{"@type":"ListItem","position":2,"name":"Augmentation de capital pr\u00e9vue"}]},{"@type":"WebSite","@id":"https:\/\/comunus.ch\/#website","url":"https:\/\/comunus.ch\/","name":"Comunus","description":"Fonds pour investisseurs qualifi\u00e9s","publisher":{"@id":"https:\/\/comunus.ch\/#organization"},"potentialAction":[{"@type":"SearchAction","target":{"@type":"EntryPoint","urlTemplate":"https:\/\/comunus.ch\/?s={search_term_string}"},"query-input":{"@type":"PropertyValueSpecification","valueRequired":true,"valueName":"search_term_string"}}],"inLanguage":"en-US"},{"@type":"Organization","@id":"https:\/\/comunus.ch\/#organization","name":"Comunus","url":"https:\/\/comunus.ch\/","logo":{"@type":"ImageObject","inLanguage":"en-US","@id":"https:\/\/comunus.ch\/#\/schema\/logo\/image\/","url":"https:\/\/comunus.ch\/wp-content\/uploads\/2023\/07\/logo-comunus.svg","contentUrl":"https:\/\/comunus.ch\/wp-content\/uploads\/2023\/07\/logo-comunus.svg","width":190,"height":26,"caption":"Comunus"},"image":{"@id":"https:\/\/comunus.ch\/#\/schema\/logo\/image\/"}},{"@type":"Person","@id":"https:\/\/comunus.ch\/#\/schema\/person\/d8791277f37079a00ea7b2659881af5c","name":"blossom-dev","image":{"@type":"ImageObject","inLanguage":"en-US","@id":"https:\/\/secure.gravatar.com\/avatar\/be08f06ab03567daa73952fd7ec274f6f7e4d895089f1e9921e1c1a1d6e095b9?s=96&d=mm&r=g","url":"https:\/\/secure.gravatar.com\/avatar\/be08f06ab03567daa73952fd7ec274f6f7e4d895089f1e9921e1c1a1d6e095b9?s=96&d=mm&r=g","contentUrl":"https:\/\/secure.gravatar.com\/avatar\/be08f06ab03567daa73952fd7ec274f6f7e4d895089f1e9921e1c1a1d6e095b9?s=96&d=mm&r=g","caption":"blossom-dev"},"sameAs":["https:\/\/comunus.ch"],"url":"https:\/\/comunus.ch\/en\/author\/devsector\/"}]}},"_links":{"self":[{"href":"https:\/\/comunus.ch\/en\/wp-json\/wp\/v2\/posts\/704","targetHints":{"allow":["GET"]}}],"collection":[{"href":"https:\/\/comunus.ch\/en\/wp-json\/wp\/v2\/posts"}],"about":[{"href":"https:\/\/comunus.ch\/en\/wp-json\/wp\/v2\/types\/post"}],"author":[{"embeddable":true,"href":"https:\/\/comunus.ch\/en\/wp-json\/wp\/v2\/users\/1"}],"replies":[{"embeddable":true,"href":"https:\/\/comunus.ch\/en\/wp-json\/wp\/v2\/comments?post=704"}],"version-history":[{"count":4,"href":"https:\/\/comunus.ch\/en\/wp-json\/wp\/v2\/posts\/704\/revisions"}],"predecessor-version":[{"id":4899,"href":"https:\/\/comunus.ch\/en\/wp-json\/wp\/v2\/posts\/704\/revisions\/4899"}],"wp:featuredmedia":[{"embeddable":true,"href":"https:\/\/comunus.ch\/en\/wp-json\/wp\/v2\/media\/2810"}],"wp:attachment":[{"href":"https:\/\/comunus.ch\/en\/wp-json\/wp\/v2\/media?parent=704"}],"wp:term":[{"taxonomy":"category","embeddable":true,"href":"https:\/\/comunus.ch\/en\/wp-json\/wp\/v2\/categories?post=704"},{"taxonomy":"post_tag","embeddable":true,"href":"https:\/\/comunus.ch\/en\/wp-json\/wp\/v2\/tags?post=704"},{"taxonomy":"type-of-post","embeddable":true,"href":"https:\/\/comunus.ch\/en\/wp-json\/wp\/v2\/type-of-post?post=704"},{"taxonomy":"post-year","embeddable":true,"href":"https:\/\/comunus.ch\/en\/wp-json\/wp\/v2\/post-year?post=704"}],"curies":[{"name":"wp","href":"https:\/\/api.w.org\/{rel}","templated":true}]}}