{"id":5289,"date":"2026-02-26T17:44:38","date_gmt":"2026-02-26T16:44:38","guid":{"rendered":"https:\/\/comunus.ch\/?p=5289"},"modified":"2026-03-09T15:54:46","modified_gmt":"2026-03-09T14:54:46","slug":"augmentation-de-capital-3","status":"publish","type":"post","link":"https:\/\/comunus.ch\/en\/augmentation-de-capital-3\/","title":{"rendered":"Augmentation de capital"},"content":{"rendered":"\n<p><strong>Annonce \u00e9v\u00e9nementielle au sens de l\u2019art. 53 du r\u00e8glement de cotation de la SIX Exchange Regulation AG<\/strong><\/p>\n\n\n\n<p><strong>26 f\u00e9vrier 2026\u00a0<\/strong><a href=\"https:\/\/comunus.ch\/wp-content\/uploads\/2025\/11\/Communique_Augmentation_Capital_Decembre-2025-2.pdf\"><br><\/a>Comunus SICAV a d\u00e9cid\u00e9 de proc\u00e9der \u00e0 une \u00e9mission de nouvelles actions pour un montant allant de CHF 60 mios \u00e0 80 mios. Conform\u00e9ment \u00e0 sa strat\u00e9gie, la SICAV poursuit le d\u00e9veloppement de son portefeuille. Le produit de l\u2019\u00e9mission servira \u00e0 financer les acquisitions s\u00e9curis\u00e9es de 7 nouveaux objets r\u00e9sidentiels situ\u00e9s essentiellement dans l\u2019arc l\u00e9manique, repr\u00e9sentant un montant d\u2019environ CHF 60 mios ainsi qu\u2019\u00e0 la r\u00e9duction du taux d\u2019endettement.<\/p>\n\n\n\n<p>La p\u00e9riode de souscription s\u2019\u00e9tendra du 16 au 27 mars 2026 et la lib\u00e9ration des actions est pr\u00e9vue le 2 avril 2026. Les d\u00e9tails de l\u2019\u00e9mission et le montant d\u00e9finitif seront communiqu\u00e9s ult\u00e9rieurement, \u00e0 l\u2019occasion de la publication du prospectus d\u2019\u00e9mission.<\/p>\n\n\n\n<p><em>Strat\u00e9gie d\u2019investissement de Comunus SICAV<\/em><\/p>\n\n\n\n<p><em>La SICAV focalise les investissements sur des immeubles r\u00e9sidentiels et mixtes, situ\u00e9s dans des centres urbains et avec potentiel de r\u00e9novation g\u00e9n\u00e9rant une croissance r\u00e9guli\u00e8re des revenus ainsi que la vente d\u2019immeubles transform\u00e9s ou am\u00e9lior\u00e9s permettant d\u2019engendrer des gains en capitaux pour les actionnaires.<\/em><\/p>\n\n\n\n<p><strong><a href=\"https:\/\/comunus.ch\/wp-content\/uploads\/2026\/02\/Communique_Augmentation_Capital_Avril-2026.pdf\">Augmentation de Capital Avril 2026<\/a><\/strong><\/p>\n\n\n\n<p><\/p>\n","protected":false},"excerpt":{"rendered":"<p>Annonce \u00e9v\u00e9nementielle au sens de l\u2019art. 53 du r\u00e8glement de cotation de la SIX Exchange Regulation AG 26 f\u00e9vrier 2026\u00a0Comunus [&hellip;]<\/p>\n","protected":false},"author":4,"featured_media":2810,"comment_status":"closed","ping_status":"closed","sticky":false,"template":"","format":"standard","meta":{"_acf_changed":false,"footnotes":""},"categories":[3],"tags":[],"type-of-post":[89],"post-year":[99],"class_list":["post-5289","post","type-post","status-publish","format-standard","has-post-thumbnail","hentry","category-actualites","type-of-post-annonce-de-publicite-evenementielle-selon-lart-53-rc","post-year-99"],"acf":[],"yoast_head":"<!-- This site is optimized with the Yoast SEO plugin v27.4 - https:\/\/yoast.com\/product\/yoast-seo-wordpress\/ -->\n<title>Augmentation de capital - Comunus<\/title>\n<meta name=\"robots\" content=\"index, follow, max-snippet:-1, max-image-preview:large, max-video-preview:-1\" \/>\n<link rel=\"canonical\" href=\"https:\/\/comunus.ch\/augmentation-de-capital-3\/\" \/>\n<meta property=\"og:locale\" content=\"en_US\" \/>\n<meta property=\"og:type\" content=\"article\" \/>\n<meta property=\"og:title\" content=\"Augmentation de capital - Comunus\" \/>\n<meta property=\"og:description\" content=\"Annonce \u00e9v\u00e9nementielle au sens de l\u2019art. 53 du r\u00e8glement de cotation de la SIX Exchange Regulation AG 26 f\u00e9vrier 2026\u00a0Comunus [&hellip;]\" \/>\n<meta property=\"og:url\" content=\"https:\/\/comunus.ch\/augmentation-de-capital-3\/\" \/>\n<meta property=\"og:site_name\" content=\"Comunus\" \/>\n<meta property=\"article:published_time\" content=\"2026-02-26T16:44:38+00:00\" \/>\n<meta property=\"article:modified_time\" content=\"2026-03-09T14:54:46+00:00\" \/>\n<meta property=\"og:image\" content=\"https:\/\/comunus.ch\/wp-content\/uploads\/2023\/07\/Actu_CapitalPrevue.jpg\" \/>\n\t<meta property=\"og:image:width\" content=\"1024\" \/>\n\t<meta property=\"og:image:height\" content=\"683\" \/>\n\t<meta property=\"og:image:type\" content=\"image\/jpeg\" \/>\n<meta name=\"author\" content=\"Comunus\" \/>\n<meta name=\"twitter:card\" content=\"summary_large_image\" \/>\n<meta name=\"twitter:label1\" content=\"Written by\" \/>\n\t<meta name=\"twitter:data1\" content=\"Comunus\" \/>\n\t<meta name=\"twitter:label2\" content=\"Est. reading time\" \/>\n\t<meta name=\"twitter:data2\" content=\"2 minutes\" \/>\n<script type=\"application\/ld+json\" class=\"yoast-schema-graph\">{\"@context\":\"https:\\\/\\\/schema.org\",\"@graph\":[{\"@type\":\"Article\",\"@id\":\"https:\\\/\\\/comunus.ch\\\/augmentation-de-capital-3\\\/#article\",\"isPartOf\":{\"@id\":\"https:\\\/\\\/comunus.ch\\\/augmentation-de-capital-3\\\/\"},\"author\":{\"name\":\"Comunus\",\"@id\":\"https:\\\/\\\/comunus.ch\\\/#\\\/schema\\\/person\\\/09fd7208ff0bb22afaf011090845c331\"},\"headline\":\"Augmentation de capital\",\"datePublished\":\"2026-02-26T16:44:38+00:00\",\"dateModified\":\"2026-03-09T14:54:46+00:00\",\"mainEntityOfPage\":{\"@id\":\"https:\\\/\\\/comunus.ch\\\/augmentation-de-capital-3\\\/\"},\"wordCount\":214,\"publisher\":{\"@id\":\"https:\\\/\\\/comunus.ch\\\/#organization\"},\"image\":{\"@id\":\"https:\\\/\\\/comunus.ch\\\/augmentation-de-capital-3\\\/#primaryimage\"},\"thumbnailUrl\":\"https:\\\/\\\/comunus.ch\\\/wp-content\\\/uploads\\\/2023\\\/07\\\/Actu_CapitalPrevue.jpg\",\"articleSection\":[\"Actualit\u00e9s\"],\"inLanguage\":\"en-US\"},{\"@type\":\"WebPage\",\"@id\":\"https:\\\/\\\/comunus.ch\\\/augmentation-de-capital-3\\\/\",\"url\":\"https:\\\/\\\/comunus.ch\\\/augmentation-de-capital-3\\\/\",\"name\":\"Augmentation de capital - Comunus\",\"isPartOf\":{\"@id\":\"https:\\\/\\\/comunus.ch\\\/#website\"},\"primaryImageOfPage\":{\"@id\":\"https:\\\/\\\/comunus.ch\\\/augmentation-de-capital-3\\\/#primaryimage\"},\"image\":{\"@id\":\"https:\\\/\\\/comunus.ch\\\/augmentation-de-capital-3\\\/#primaryimage\"},\"thumbnailUrl\":\"https:\\\/\\\/comunus.ch\\\/wp-content\\\/uploads\\\/2023\\\/07\\\/Actu_CapitalPrevue.jpg\",\"datePublished\":\"2026-02-26T16:44:38+00:00\",\"dateModified\":\"2026-03-09T14:54:46+00:00\",\"breadcrumb\":{\"@id\":\"https:\\\/\\\/comunus.ch\\\/augmentation-de-capital-3\\\/#breadcrumb\"},\"inLanguage\":\"en-US\",\"potentialAction\":[{\"@type\":\"ReadAction\",\"target\":[\"https:\\\/\\\/comunus.ch\\\/augmentation-de-capital-3\\\/\"]}]},{\"@type\":\"ImageObject\",\"inLanguage\":\"en-US\",\"@id\":\"https:\\\/\\\/comunus.ch\\\/augmentation-de-capital-3\\\/#primaryimage\",\"url\":\"https:\\\/\\\/comunus.ch\\\/wp-content\\\/uploads\\\/2023\\\/07\\\/Actu_CapitalPrevue.jpg\",\"contentUrl\":\"https:\\\/\\\/comunus.ch\\\/wp-content\\\/uploads\\\/2023\\\/07\\\/Actu_CapitalPrevue.jpg\",\"width\":1024,\"height\":683},{\"@type\":\"BreadcrumbList\",\"@id\":\"https:\\\/\\\/comunus.ch\\\/augmentation-de-capital-3\\\/#breadcrumb\",\"itemListElement\":[{\"@type\":\"ListItem\",\"position\":1,\"name\":\"Home\",\"item\":\"https:\\\/\\\/comunus.ch\\\/en\\\/\"},{\"@type\":\"ListItem\",\"position\":2,\"name\":\"Augmentation de capital\"}]},{\"@type\":\"WebSite\",\"@id\":\"https:\\\/\\\/comunus.ch\\\/#website\",\"url\":\"https:\\\/\\\/comunus.ch\\\/\",\"name\":\"Comunus\",\"description\":\"Fonds pour investisseurs qualifi\u00e9s\",\"publisher\":{\"@id\":\"https:\\\/\\\/comunus.ch\\\/#organization\"},\"potentialAction\":[{\"@type\":\"SearchAction\",\"target\":{\"@type\":\"EntryPoint\",\"urlTemplate\":\"https:\\\/\\\/comunus.ch\\\/?s={search_term_string}\"},\"query-input\":{\"@type\":\"PropertyValueSpecification\",\"valueRequired\":true,\"valueName\":\"search_term_string\"}}],\"inLanguage\":\"en-US\"},{\"@type\":\"Organization\",\"@id\":\"https:\\\/\\\/comunus.ch\\\/#organization\",\"name\":\"Comunus\",\"url\":\"https:\\\/\\\/comunus.ch\\\/\",\"logo\":{\"@type\":\"ImageObject\",\"inLanguage\":\"en-US\",\"@id\":\"https:\\\/\\\/comunus.ch\\\/#\\\/schema\\\/logo\\\/image\\\/\",\"url\":\"https:\\\/\\\/comunus.ch\\\/wp-content\\\/uploads\\\/2023\\\/07\\\/logo-comunus.svg\",\"contentUrl\":\"https:\\\/\\\/comunus.ch\\\/wp-content\\\/uploads\\\/2023\\\/07\\\/logo-comunus.svg\",\"width\":190,\"height\":26,\"caption\":\"Comunus\"},\"image\":{\"@id\":\"https:\\\/\\\/comunus.ch\\\/#\\\/schema\\\/logo\\\/image\\\/\"}},{\"@type\":\"Person\",\"@id\":\"https:\\\/\\\/comunus.ch\\\/#\\\/schema\\\/person\\\/09fd7208ff0bb22afaf011090845c331\",\"name\":\"Comunus\",\"image\":{\"@type\":\"ImageObject\",\"inLanguage\":\"en-US\",\"@id\":\"https:\\\/\\\/secure.gravatar.com\\\/avatar\\\/22a43bcdb37518e1004920f2e42ae92c2744ff38ba3a5b194cdcd23c842ba884?s=96&d=mm&r=g\",\"url\":\"https:\\\/\\\/secure.gravatar.com\\\/avatar\\\/22a43bcdb37518e1004920f2e42ae92c2744ff38ba3a5b194cdcd23c842ba884?s=96&d=mm&r=g\",\"contentUrl\":\"https:\\\/\\\/secure.gravatar.com\\\/avatar\\\/22a43bcdb37518e1004920f2e42ae92c2744ff38ba3a5b194cdcd23c842ba884?s=96&d=mm&r=g\",\"caption\":\"Comunus\"},\"url\":\"https:\\\/\\\/comunus.ch\\\/en\\\/author\\\/editeurcomunus\\\/\"}]}<\/script>\n<!-- \/ Yoast SEO plugin. -->","yoast_head_json":{"title":"Augmentation de capital - Comunus","robots":{"index":"index","follow":"follow","max-snippet":"max-snippet:-1","max-image-preview":"max-image-preview:large","max-video-preview":"max-video-preview:-1"},"canonical":"https:\/\/comunus.ch\/augmentation-de-capital-3\/","og_locale":"en_US","og_type":"article","og_title":"Augmentation de capital - Comunus","og_description":"Annonce \u00e9v\u00e9nementielle au sens de l\u2019art. 53 du r\u00e8glement de cotation de la SIX Exchange Regulation AG 26 f\u00e9vrier 2026\u00a0Comunus [&hellip;]","og_url":"https:\/\/comunus.ch\/augmentation-de-capital-3\/","og_site_name":"Comunus","article_published_time":"2026-02-26T16:44:38+00:00","article_modified_time":"2026-03-09T14:54:46+00:00","og_image":[{"width":1024,"height":683,"url":"https:\/\/comunus.ch\/wp-content\/uploads\/2023\/07\/Actu_CapitalPrevue.jpg","type":"image\/jpeg"}],"author":"Comunus","twitter_card":"summary_large_image","twitter_misc":{"Written by":"Comunus","Est. reading time":"2 minutes"},"schema":{"@context":"https:\/\/schema.org","@graph":[{"@type":"Article","@id":"https:\/\/comunus.ch\/augmentation-de-capital-3\/#article","isPartOf":{"@id":"https:\/\/comunus.ch\/augmentation-de-capital-3\/"},"author":{"name":"Comunus","@id":"https:\/\/comunus.ch\/#\/schema\/person\/09fd7208ff0bb22afaf011090845c331"},"headline":"Augmentation de capital","datePublished":"2026-02-26T16:44:38+00:00","dateModified":"2026-03-09T14:54:46+00:00","mainEntityOfPage":{"@id":"https:\/\/comunus.ch\/augmentation-de-capital-3\/"},"wordCount":214,"publisher":{"@id":"https:\/\/comunus.ch\/#organization"},"image":{"@id":"https:\/\/comunus.ch\/augmentation-de-capital-3\/#primaryimage"},"thumbnailUrl":"https:\/\/comunus.ch\/wp-content\/uploads\/2023\/07\/Actu_CapitalPrevue.jpg","articleSection":["Actualit\u00e9s"],"inLanguage":"en-US"},{"@type":"WebPage","@id":"https:\/\/comunus.ch\/augmentation-de-capital-3\/","url":"https:\/\/comunus.ch\/augmentation-de-capital-3\/","name":"Augmentation de capital - Comunus","isPartOf":{"@id":"https:\/\/comunus.ch\/#website"},"primaryImageOfPage":{"@id":"https:\/\/comunus.ch\/augmentation-de-capital-3\/#primaryimage"},"image":{"@id":"https:\/\/comunus.ch\/augmentation-de-capital-3\/#primaryimage"},"thumbnailUrl":"https:\/\/comunus.ch\/wp-content\/uploads\/2023\/07\/Actu_CapitalPrevue.jpg","datePublished":"2026-02-26T16:44:38+00:00","dateModified":"2026-03-09T14:54:46+00:00","breadcrumb":{"@id":"https:\/\/comunus.ch\/augmentation-de-capital-3\/#breadcrumb"},"inLanguage":"en-US","potentialAction":[{"@type":"ReadAction","target":["https:\/\/comunus.ch\/augmentation-de-capital-3\/"]}]},{"@type":"ImageObject","inLanguage":"en-US","@id":"https:\/\/comunus.ch\/augmentation-de-capital-3\/#primaryimage","url":"https:\/\/comunus.ch\/wp-content\/uploads\/2023\/07\/Actu_CapitalPrevue.jpg","contentUrl":"https:\/\/comunus.ch\/wp-content\/uploads\/2023\/07\/Actu_CapitalPrevue.jpg","width":1024,"height":683},{"@type":"BreadcrumbList","@id":"https:\/\/comunus.ch\/augmentation-de-capital-3\/#breadcrumb","itemListElement":[{"@type":"ListItem","position":1,"name":"Home","item":"https:\/\/comunus.ch\/en\/"},{"@type":"ListItem","position":2,"name":"Augmentation de capital"}]},{"@type":"WebSite","@id":"https:\/\/comunus.ch\/#website","url":"https:\/\/comunus.ch\/","name":"Comunus","description":"Fonds pour investisseurs qualifi\u00e9s","publisher":{"@id":"https:\/\/comunus.ch\/#organization"},"potentialAction":[{"@type":"SearchAction","target":{"@type":"EntryPoint","urlTemplate":"https:\/\/comunus.ch\/?s={search_term_string}"},"query-input":{"@type":"PropertyValueSpecification","valueRequired":true,"valueName":"search_term_string"}}],"inLanguage":"en-US"},{"@type":"Organization","@id":"https:\/\/comunus.ch\/#organization","name":"Comunus","url":"https:\/\/comunus.ch\/","logo":{"@type":"ImageObject","inLanguage":"en-US","@id":"https:\/\/comunus.ch\/#\/schema\/logo\/image\/","url":"https:\/\/comunus.ch\/wp-content\/uploads\/2023\/07\/logo-comunus.svg","contentUrl":"https:\/\/comunus.ch\/wp-content\/uploads\/2023\/07\/logo-comunus.svg","width":190,"height":26,"caption":"Comunus"},"image":{"@id":"https:\/\/comunus.ch\/#\/schema\/logo\/image\/"}},{"@type":"Person","@id":"https:\/\/comunus.ch\/#\/schema\/person\/09fd7208ff0bb22afaf011090845c331","name":"Comunus","image":{"@type":"ImageObject","inLanguage":"en-US","@id":"https:\/\/secure.gravatar.com\/avatar\/22a43bcdb37518e1004920f2e42ae92c2744ff38ba3a5b194cdcd23c842ba884?s=96&d=mm&r=g","url":"https:\/\/secure.gravatar.com\/avatar\/22a43bcdb37518e1004920f2e42ae92c2744ff38ba3a5b194cdcd23c842ba884?s=96&d=mm&r=g","contentUrl":"https:\/\/secure.gravatar.com\/avatar\/22a43bcdb37518e1004920f2e42ae92c2744ff38ba3a5b194cdcd23c842ba884?s=96&d=mm&r=g","caption":"Comunus"},"url":"https:\/\/comunus.ch\/en\/author\/editeurcomunus\/"}]}},"_links":{"self":[{"href":"https:\/\/comunus.ch\/en\/wp-json\/wp\/v2\/posts\/5289","targetHints":{"allow":["GET"]}}],"collection":[{"href":"https:\/\/comunus.ch\/en\/wp-json\/wp\/v2\/posts"}],"about":[{"href":"https:\/\/comunus.ch\/en\/wp-json\/wp\/v2\/types\/post"}],"author":[{"embeddable":true,"href":"https:\/\/comunus.ch\/en\/wp-json\/wp\/v2\/users\/4"}],"replies":[{"embeddable":true,"href":"https:\/\/comunus.ch\/en\/wp-json\/wp\/v2\/comments?post=5289"}],"version-history":[{"count":3,"href":"https:\/\/comunus.ch\/en\/wp-json\/wp\/v2\/posts\/5289\/revisions"}],"predecessor-version":[{"id":5295,"href":"https:\/\/comunus.ch\/en\/wp-json\/wp\/v2\/posts\/5289\/revisions\/5295"}],"wp:featuredmedia":[{"embeddable":true,"href":"https:\/\/comunus.ch\/en\/wp-json\/wp\/v2\/media\/2810"}],"wp:attachment":[{"href":"https:\/\/comunus.ch\/en\/wp-json\/wp\/v2\/media?parent=5289"}],"wp:term":[{"taxonomy":"category","embeddable":true,"href":"https:\/\/comunus.ch\/en\/wp-json\/wp\/v2\/categories?post=5289"},{"taxonomy":"post_tag","embeddable":true,"href":"https:\/\/comunus.ch\/en\/wp-json\/wp\/v2\/tags?post=5289"},{"taxonomy":"type-of-post","embeddable":true,"href":"https:\/\/comunus.ch\/en\/wp-json\/wp\/v2\/type-of-post?post=5289"},{"taxonomy":"post-year","embeddable":true,"href":"https:\/\/comunus.ch\/en\/wp-json\/wp\/v2\/post-year?post=5289"}],"curies":[{"name":"wp","href":"https:\/\/api.w.org\/{rel}","templated":true}]}}