{"id":5278,"date":"2026-02-17T15:53:48","date_gmt":"2026-02-17T14:53:48","guid":{"rendered":"https:\/\/comunus.ch\/?p=5278"},"modified":"2026-02-26T16:11:07","modified_gmt":"2026-02-26T15:11:07","slug":"decision-de-lassemblee-generale-extraordinaire-du-24-novembre-2025-changement-du-siege-de-la-sicav-a-vevey","status":"publish","type":"post","link":"https:\/\/comunus.ch\/en\/decision-de-lassemblee-generale-extraordinaire-du-24-novembre-2025-changement-du-siege-de-la-sicav-a-vevey\/","title":{"rendered":"D\u00e9cision de l\u2019assembl\u00e9e g\u00e9n\u00e9rale extraordinaire du 24 novembre 2025 &#8211; Changement du si\u00e8ge de la SICAV, \u00e0 Vevey"},"content":{"rendered":"\n<p><strong>17.02.2026<\/strong><\/p>\n\n\n\n<p>Le Conseil d\u2019administration de la SICAV informe ses actionnaires des modifications apport\u00e9es au Prospectus et au R\u00e8glement de placement avec les statuts int\u00e9gr\u00e9s de la SICAV, telles qu\u2019approuv\u00e9es par l&#8217;assembl\u00e9e g\u00e9n\u00e9rale de la SICAV en date du 24 novembre 2025 et par l\u2019Autorit\u00e9 de surveillance des march\u00e9s financiers FINMA en date du 13 janvier 2026. La date d\u2019entr\u00e9e en vigueur de la modification du r\u00e8glement de placement et des Statuts a \u00e9t\u00e9 fix\u00e9e \u00e0 la date de l\u2019inscription au Registre du commerce du canton de Vaud, le 11 f\u00e9vrier 2026.\u00a0<\/p>\n\n\n\n<p><a href=\"https:\/\/comunus.ch\/wp-content\/uploads\/2026\/02\/Publication_AGE_24.11.2025_VF-1.pdf\" type=\"link\" id=\"https:\/\/comunus.ch\/wp-content\/uploads\/2026\/02\/Publication_AGE_24.11.2025_VF-1.pdf\">D\u00e9cisions de l&#8217;AGE<\/a><\/p>\n\n\n\n<p><\/p>\n","protected":false},"excerpt":{"rendered":"<p>17.02.2026 Le Conseil d\u2019administration de la SICAV informe ses actionnaires des modifications apport\u00e9es au Prospectus et au R\u00e8glement de placement [&hellip;]<\/p>\n","protected":false},"author":4,"featured_media":3859,"comment_status":"closed","ping_status":"closed","sticky":false,"template":"","format":"standard","meta":{"_acf_changed":false,"footnotes":""},"categories":[3],"tags":[],"type-of-post":[],"post-year":[95],"class_list":["post-5278","post","type-post","status-publish","format-standard","has-post-thumbnail","hentry","category-actualites","post-year-95"],"acf":[],"yoast_head":"<!-- This site is optimized with the Yoast SEO plugin v27.4 - https:\/\/yoast.com\/product\/yoast-seo-wordpress\/ -->\n<title>D\u00e9cision de l\u2019assembl\u00e9e g\u00e9n\u00e9rale extraordinaire du 24 novembre 2025 - Changement du si\u00e8ge de la SICAV, \u00e0 Vevey - Comunus<\/title>\n<meta name=\"robots\" content=\"index, follow, max-snippet:-1, max-image-preview:large, max-video-preview:-1\" \/>\n<link rel=\"canonical\" href=\"https:\/\/comunus.ch\/decision-de-lassemblee-generale-extraordinaire-du-24-novembre-2025-changement-du-siege-de-la-sicav-a-vevey\/\" \/>\n<meta property=\"og:locale\" content=\"en_US\" \/>\n<meta property=\"og:type\" content=\"article\" \/>\n<meta property=\"og:title\" content=\"D\u00e9cision de l\u2019assembl\u00e9e g\u00e9n\u00e9rale extraordinaire du 24 novembre 2025 - Changement du si\u00e8ge de la SICAV, \u00e0 Vevey - Comunus\" \/>\n<meta property=\"og:description\" content=\"17.02.2026 Le Conseil d\u2019administration de la SICAV informe ses actionnaires des modifications apport\u00e9es au Prospectus et au R\u00e8glement de placement [&hellip;]\" \/>\n<meta property=\"og:url\" content=\"https:\/\/comunus.ch\/decision-de-lassemblee-generale-extraordinaire-du-24-novembre-2025-changement-du-siege-de-la-sicav-a-vevey\/\" \/>\n<meta property=\"og:site_name\" content=\"Comunus\" \/>\n<meta property=\"article:published_time\" content=\"2026-02-17T14:53:48+00:00\" \/>\n<meta property=\"article:modified_time\" content=\"2026-02-26T15:11:07+00:00\" \/>\n<meta property=\"og:image\" content=\"https:\/\/comunus.ch\/wp-content\/uploads\/2024\/04\/Photo_newsletterComunus.jpg\" \/>\n\t<meta property=\"og:image:width\" content=\"1732\" \/>\n\t<meta property=\"og:image:height\" content=\"1732\" \/>\n\t<meta property=\"og:image:type\" content=\"image\/jpeg\" \/>\n<meta name=\"author\" content=\"Comunus\" \/>\n<meta name=\"twitter:card\" content=\"summary_large_image\" \/>\n<meta name=\"twitter:label1\" content=\"Written by\" \/>\n\t<meta name=\"twitter:data1\" content=\"Comunus\" \/>\n\t<meta name=\"twitter:label2\" content=\"Est. reading time\" \/>\n\t<meta name=\"twitter:data2\" content=\"1 minute\" \/>\n<script type=\"application\/ld+json\" class=\"yoast-schema-graph\">{\"@context\":\"https:\\\/\\\/schema.org\",\"@graph\":[{\"@type\":\"Article\",\"@id\":\"https:\\\/\\\/comunus.ch\\\/decision-de-lassemblee-generale-extraordinaire-du-24-novembre-2025-changement-du-siege-de-la-sicav-a-vevey\\\/#article\",\"isPartOf\":{\"@id\":\"https:\\\/\\\/comunus.ch\\\/decision-de-lassemblee-generale-extraordinaire-du-24-novembre-2025-changement-du-siege-de-la-sicav-a-vevey\\\/\"},\"author\":{\"name\":\"Comunus\",\"@id\":\"https:\\\/\\\/comunus.ch\\\/#\\\/schema\\\/person\\\/09fd7208ff0bb22afaf011090845c331\"},\"headline\":\"D\u00e9cision de l\u2019assembl\u00e9e g\u00e9n\u00e9rale extraordinaire du 24 novembre 2025 &#8211; Changement du si\u00e8ge de la SICAV, \u00e0 Vevey\",\"datePublished\":\"2026-02-17T14:53:48+00:00\",\"dateModified\":\"2026-02-26T15:11:07+00:00\",\"mainEntityOfPage\":{\"@id\":\"https:\\\/\\\/comunus.ch\\\/decision-de-lassemblee-generale-extraordinaire-du-24-novembre-2025-changement-du-siege-de-la-sicav-a-vevey\\\/\"},\"wordCount\":128,\"publisher\":{\"@id\":\"https:\\\/\\\/comunus.ch\\\/#organization\"},\"image\":{\"@id\":\"https:\\\/\\\/comunus.ch\\\/decision-de-lassemblee-generale-extraordinaire-du-24-novembre-2025-changement-du-siege-de-la-sicav-a-vevey\\\/#primaryimage\"},\"thumbnailUrl\":\"https:\\\/\\\/comunus.ch\\\/wp-content\\\/uploads\\\/2024\\\/04\\\/Photo_newsletterComunus.jpg\",\"articleSection\":[\"Actualit\u00e9s\"],\"inLanguage\":\"en-US\"},{\"@type\":\"WebPage\",\"@id\":\"https:\\\/\\\/comunus.ch\\\/decision-de-lassemblee-generale-extraordinaire-du-24-novembre-2025-changement-du-siege-de-la-sicav-a-vevey\\\/\",\"url\":\"https:\\\/\\\/comunus.ch\\\/decision-de-lassemblee-generale-extraordinaire-du-24-novembre-2025-changement-du-siege-de-la-sicav-a-vevey\\\/\",\"name\":\"D\u00e9cision de l\u2019assembl\u00e9e g\u00e9n\u00e9rale extraordinaire du 24 novembre 2025 - Changement du si\u00e8ge de la SICAV, \u00e0 Vevey - Comunus\",\"isPartOf\":{\"@id\":\"https:\\\/\\\/comunus.ch\\\/#website\"},\"primaryImageOfPage\":{\"@id\":\"https:\\\/\\\/comunus.ch\\\/decision-de-lassemblee-generale-extraordinaire-du-24-novembre-2025-changement-du-siege-de-la-sicav-a-vevey\\\/#primaryimage\"},\"image\":{\"@id\":\"https:\\\/\\\/comunus.ch\\\/decision-de-lassemblee-generale-extraordinaire-du-24-novembre-2025-changement-du-siege-de-la-sicav-a-vevey\\\/#primaryimage\"},\"thumbnailUrl\":\"https:\\\/\\\/comunus.ch\\\/wp-content\\\/uploads\\\/2024\\\/04\\\/Photo_newsletterComunus.jpg\",\"datePublished\":\"2026-02-17T14:53:48+00:00\",\"dateModified\":\"2026-02-26T15:11:07+00:00\",\"breadcrumb\":{\"@id\":\"https:\\\/\\\/comunus.ch\\\/decision-de-lassemblee-generale-extraordinaire-du-24-novembre-2025-changement-du-siege-de-la-sicav-a-vevey\\\/#breadcrumb\"},\"inLanguage\":\"en-US\",\"potentialAction\":[{\"@type\":\"ReadAction\",\"target\":[\"https:\\\/\\\/comunus.ch\\\/decision-de-lassemblee-generale-extraordinaire-du-24-novembre-2025-changement-du-siege-de-la-sicav-a-vevey\\\/\"]}]},{\"@type\":\"ImageObject\",\"inLanguage\":\"en-US\",\"@id\":\"https:\\\/\\\/comunus.ch\\\/decision-de-lassemblee-generale-extraordinaire-du-24-novembre-2025-changement-du-siege-de-la-sicav-a-vevey\\\/#primaryimage\",\"url\":\"https:\\\/\\\/comunus.ch\\\/wp-content\\\/uploads\\\/2024\\\/04\\\/Photo_newsletterComunus.jpg\",\"contentUrl\":\"https:\\\/\\\/comunus.ch\\\/wp-content\\\/uploads\\\/2024\\\/04\\\/Photo_newsletterComunus.jpg\",\"width\":1732,\"height\":1732,\"caption\":\"3d envelope with paper documents icon. Vector illustration\"},{\"@type\":\"BreadcrumbList\",\"@id\":\"https:\\\/\\\/comunus.ch\\\/decision-de-lassemblee-generale-extraordinaire-du-24-novembre-2025-changement-du-siege-de-la-sicav-a-vevey\\\/#breadcrumb\",\"itemListElement\":[{\"@type\":\"ListItem\",\"position\":1,\"name\":\"Home\",\"item\":\"https:\\\/\\\/comunus.ch\\\/en\\\/\"},{\"@type\":\"ListItem\",\"position\":2,\"name\":\"D\u00e9cision de l\u2019assembl\u00e9e g\u00e9n\u00e9rale extraordinaire du 24 novembre 2025 &#8211; Changement du si\u00e8ge de la SICAV, \u00e0 Vevey\"}]},{\"@type\":\"WebSite\",\"@id\":\"https:\\\/\\\/comunus.ch\\\/#website\",\"url\":\"https:\\\/\\\/comunus.ch\\\/\",\"name\":\"Comunus\",\"description\":\"Fonds pour investisseurs qualifi\u00e9s\",\"publisher\":{\"@id\":\"https:\\\/\\\/comunus.ch\\\/#organization\"},\"potentialAction\":[{\"@type\":\"SearchAction\",\"target\":{\"@type\":\"EntryPoint\",\"urlTemplate\":\"https:\\\/\\\/comunus.ch\\\/?s={search_term_string}\"},\"query-input\":{\"@type\":\"PropertyValueSpecification\",\"valueRequired\":true,\"valueName\":\"search_term_string\"}}],\"inLanguage\":\"en-US\"},{\"@type\":\"Organization\",\"@id\":\"https:\\\/\\\/comunus.ch\\\/#organization\",\"name\":\"Comunus\",\"url\":\"https:\\\/\\\/comunus.ch\\\/\",\"logo\":{\"@type\":\"ImageObject\",\"inLanguage\":\"en-US\",\"@id\":\"https:\\\/\\\/comunus.ch\\\/#\\\/schema\\\/logo\\\/image\\\/\",\"url\":\"https:\\\/\\\/comunus.ch\\\/wp-content\\\/uploads\\\/2023\\\/07\\\/logo-comunus.svg\",\"contentUrl\":\"https:\\\/\\\/comunus.ch\\\/wp-content\\\/uploads\\\/2023\\\/07\\\/logo-comunus.svg\",\"width\":190,\"height\":26,\"caption\":\"Comunus\"},\"image\":{\"@id\":\"https:\\\/\\\/comunus.ch\\\/#\\\/schema\\\/logo\\\/image\\\/\"}},{\"@type\":\"Person\",\"@id\":\"https:\\\/\\\/comunus.ch\\\/#\\\/schema\\\/person\\\/09fd7208ff0bb22afaf011090845c331\",\"name\":\"Comunus\",\"image\":{\"@type\":\"ImageObject\",\"inLanguage\":\"en-US\",\"@id\":\"https:\\\/\\\/secure.gravatar.com\\\/avatar\\\/22a43bcdb37518e1004920f2e42ae92c2744ff38ba3a5b194cdcd23c842ba884?s=96&d=mm&r=g\",\"url\":\"https:\\\/\\\/secure.gravatar.com\\\/avatar\\\/22a43bcdb37518e1004920f2e42ae92c2744ff38ba3a5b194cdcd23c842ba884?s=96&d=mm&r=g\",\"contentUrl\":\"https:\\\/\\\/secure.gravatar.com\\\/avatar\\\/22a43bcdb37518e1004920f2e42ae92c2744ff38ba3a5b194cdcd23c842ba884?s=96&d=mm&r=g\",\"caption\":\"Comunus\"},\"url\":\"https:\\\/\\\/comunus.ch\\\/en\\\/author\\\/editeurcomunus\\\/\"}]}<\/script>\n<!-- \/ Yoast SEO plugin. -->","yoast_head_json":{"title":"D\u00e9cision de l\u2019assembl\u00e9e g\u00e9n\u00e9rale extraordinaire du 24 novembre 2025 - Changement du si\u00e8ge de la SICAV, \u00e0 Vevey - Comunus","robots":{"index":"index","follow":"follow","max-snippet":"max-snippet:-1","max-image-preview":"max-image-preview:large","max-video-preview":"max-video-preview:-1"},"canonical":"https:\/\/comunus.ch\/decision-de-lassemblee-generale-extraordinaire-du-24-novembre-2025-changement-du-siege-de-la-sicav-a-vevey\/","og_locale":"en_US","og_type":"article","og_title":"D\u00e9cision de l\u2019assembl\u00e9e g\u00e9n\u00e9rale extraordinaire du 24 novembre 2025 - Changement du si\u00e8ge de la SICAV, \u00e0 Vevey - Comunus","og_description":"17.02.2026 Le Conseil d\u2019administration de la SICAV informe ses actionnaires des modifications apport\u00e9es au Prospectus et au R\u00e8glement de placement [&hellip;]","og_url":"https:\/\/comunus.ch\/decision-de-lassemblee-generale-extraordinaire-du-24-novembre-2025-changement-du-siege-de-la-sicav-a-vevey\/","og_site_name":"Comunus","article_published_time":"2026-02-17T14:53:48+00:00","article_modified_time":"2026-02-26T15:11:07+00:00","og_image":[{"width":1732,"height":1732,"url":"https:\/\/comunus.ch\/wp-content\/uploads\/2024\/04\/Photo_newsletterComunus.jpg","type":"image\/jpeg"}],"author":"Comunus","twitter_card":"summary_large_image","twitter_misc":{"Written by":"Comunus","Est. reading time":"1 minute"},"schema":{"@context":"https:\/\/schema.org","@graph":[{"@type":"Article","@id":"https:\/\/comunus.ch\/decision-de-lassemblee-generale-extraordinaire-du-24-novembre-2025-changement-du-siege-de-la-sicav-a-vevey\/#article","isPartOf":{"@id":"https:\/\/comunus.ch\/decision-de-lassemblee-generale-extraordinaire-du-24-novembre-2025-changement-du-siege-de-la-sicav-a-vevey\/"},"author":{"name":"Comunus","@id":"https:\/\/comunus.ch\/#\/schema\/person\/09fd7208ff0bb22afaf011090845c331"},"headline":"D\u00e9cision de l\u2019assembl\u00e9e g\u00e9n\u00e9rale extraordinaire du 24 novembre 2025 &#8211; Changement du si\u00e8ge de la SICAV, \u00e0 Vevey","datePublished":"2026-02-17T14:53:48+00:00","dateModified":"2026-02-26T15:11:07+00:00","mainEntityOfPage":{"@id":"https:\/\/comunus.ch\/decision-de-lassemblee-generale-extraordinaire-du-24-novembre-2025-changement-du-siege-de-la-sicav-a-vevey\/"},"wordCount":128,"publisher":{"@id":"https:\/\/comunus.ch\/#organization"},"image":{"@id":"https:\/\/comunus.ch\/decision-de-lassemblee-generale-extraordinaire-du-24-novembre-2025-changement-du-siege-de-la-sicav-a-vevey\/#primaryimage"},"thumbnailUrl":"https:\/\/comunus.ch\/wp-content\/uploads\/2024\/04\/Photo_newsletterComunus.jpg","articleSection":["Actualit\u00e9s"],"inLanguage":"en-US"},{"@type":"WebPage","@id":"https:\/\/comunus.ch\/decision-de-lassemblee-generale-extraordinaire-du-24-novembre-2025-changement-du-siege-de-la-sicav-a-vevey\/","url":"https:\/\/comunus.ch\/decision-de-lassemblee-generale-extraordinaire-du-24-novembre-2025-changement-du-siege-de-la-sicav-a-vevey\/","name":"D\u00e9cision de l\u2019assembl\u00e9e g\u00e9n\u00e9rale extraordinaire du 24 novembre 2025 - Changement du si\u00e8ge de la SICAV, \u00e0 Vevey - Comunus","isPartOf":{"@id":"https:\/\/comunus.ch\/#website"},"primaryImageOfPage":{"@id":"https:\/\/comunus.ch\/decision-de-lassemblee-generale-extraordinaire-du-24-novembre-2025-changement-du-siege-de-la-sicav-a-vevey\/#primaryimage"},"image":{"@id":"https:\/\/comunus.ch\/decision-de-lassemblee-generale-extraordinaire-du-24-novembre-2025-changement-du-siege-de-la-sicav-a-vevey\/#primaryimage"},"thumbnailUrl":"https:\/\/comunus.ch\/wp-content\/uploads\/2024\/04\/Photo_newsletterComunus.jpg","datePublished":"2026-02-17T14:53:48+00:00","dateModified":"2026-02-26T15:11:07+00:00","breadcrumb":{"@id":"https:\/\/comunus.ch\/decision-de-lassemblee-generale-extraordinaire-du-24-novembre-2025-changement-du-siege-de-la-sicav-a-vevey\/#breadcrumb"},"inLanguage":"en-US","potentialAction":[{"@type":"ReadAction","target":["https:\/\/comunus.ch\/decision-de-lassemblee-generale-extraordinaire-du-24-novembre-2025-changement-du-siege-de-la-sicav-a-vevey\/"]}]},{"@type":"ImageObject","inLanguage":"en-US","@id":"https:\/\/comunus.ch\/decision-de-lassemblee-generale-extraordinaire-du-24-novembre-2025-changement-du-siege-de-la-sicav-a-vevey\/#primaryimage","url":"https:\/\/comunus.ch\/wp-content\/uploads\/2024\/04\/Photo_newsletterComunus.jpg","contentUrl":"https:\/\/comunus.ch\/wp-content\/uploads\/2024\/04\/Photo_newsletterComunus.jpg","width":1732,"height":1732,"caption":"3d envelope with paper documents icon. Vector illustration"},{"@type":"BreadcrumbList","@id":"https:\/\/comunus.ch\/decision-de-lassemblee-generale-extraordinaire-du-24-novembre-2025-changement-du-siege-de-la-sicav-a-vevey\/#breadcrumb","itemListElement":[{"@type":"ListItem","position":1,"name":"Home","item":"https:\/\/comunus.ch\/en\/"},{"@type":"ListItem","position":2,"name":"D\u00e9cision de l\u2019assembl\u00e9e g\u00e9n\u00e9rale extraordinaire du 24 novembre 2025 &#8211; Changement du si\u00e8ge de la SICAV, \u00e0 Vevey"}]},{"@type":"WebSite","@id":"https:\/\/comunus.ch\/#website","url":"https:\/\/comunus.ch\/","name":"Comunus","description":"Fonds pour investisseurs qualifi\u00e9s","publisher":{"@id":"https:\/\/comunus.ch\/#organization"},"potentialAction":[{"@type":"SearchAction","target":{"@type":"EntryPoint","urlTemplate":"https:\/\/comunus.ch\/?s={search_term_string}"},"query-input":{"@type":"PropertyValueSpecification","valueRequired":true,"valueName":"search_term_string"}}],"inLanguage":"en-US"},{"@type":"Organization","@id":"https:\/\/comunus.ch\/#organization","name":"Comunus","url":"https:\/\/comunus.ch\/","logo":{"@type":"ImageObject","inLanguage":"en-US","@id":"https:\/\/comunus.ch\/#\/schema\/logo\/image\/","url":"https:\/\/comunus.ch\/wp-content\/uploads\/2023\/07\/logo-comunus.svg","contentUrl":"https:\/\/comunus.ch\/wp-content\/uploads\/2023\/07\/logo-comunus.svg","width":190,"height":26,"caption":"Comunus"},"image":{"@id":"https:\/\/comunus.ch\/#\/schema\/logo\/image\/"}},{"@type":"Person","@id":"https:\/\/comunus.ch\/#\/schema\/person\/09fd7208ff0bb22afaf011090845c331","name":"Comunus","image":{"@type":"ImageObject","inLanguage":"en-US","@id":"https:\/\/secure.gravatar.com\/avatar\/22a43bcdb37518e1004920f2e42ae92c2744ff38ba3a5b194cdcd23c842ba884?s=96&d=mm&r=g","url":"https:\/\/secure.gravatar.com\/avatar\/22a43bcdb37518e1004920f2e42ae92c2744ff38ba3a5b194cdcd23c842ba884?s=96&d=mm&r=g","contentUrl":"https:\/\/secure.gravatar.com\/avatar\/22a43bcdb37518e1004920f2e42ae92c2744ff38ba3a5b194cdcd23c842ba884?s=96&d=mm&r=g","caption":"Comunus"},"url":"https:\/\/comunus.ch\/en\/author\/editeurcomunus\/"}]}},"_links":{"self":[{"href":"https:\/\/comunus.ch\/en\/wp-json\/wp\/v2\/posts\/5278","targetHints":{"allow":["GET"]}}],"collection":[{"href":"https:\/\/comunus.ch\/en\/wp-json\/wp\/v2\/posts"}],"about":[{"href":"https:\/\/comunus.ch\/en\/wp-json\/wp\/v2\/types\/post"}],"author":[{"embeddable":true,"href":"https:\/\/comunus.ch\/en\/wp-json\/wp\/v2\/users\/4"}],"replies":[{"embeddable":true,"href":"https:\/\/comunus.ch\/en\/wp-json\/wp\/v2\/comments?post=5278"}],"version-history":[{"count":4,"href":"https:\/\/comunus.ch\/en\/wp-json\/wp\/v2\/posts\/5278\/revisions"}],"predecessor-version":[{"id":5288,"href":"https:\/\/comunus.ch\/en\/wp-json\/wp\/v2\/posts\/5278\/revisions\/5288"}],"wp:featuredmedia":[{"embeddable":true,"href":"https:\/\/comunus.ch\/en\/wp-json\/wp\/v2\/media\/3859"}],"wp:attachment":[{"href":"https:\/\/comunus.ch\/en\/wp-json\/wp\/v2\/media?parent=5278"}],"wp:term":[{"taxonomy":"category","embeddable":true,"href":"https:\/\/comunus.ch\/en\/wp-json\/wp\/v2\/categories?post=5278"},{"taxonomy":"post_tag","embeddable":true,"href":"https:\/\/comunus.ch\/en\/wp-json\/wp\/v2\/tags?post=5278"},{"taxonomy":"type-of-post","embeddable":true,"href":"https:\/\/comunus.ch\/en\/wp-json\/wp\/v2\/type-of-post?post=5278"},{"taxonomy":"post-year","embeddable":true,"href":"https:\/\/comunus.ch\/en\/wp-json\/wp\/v2\/post-year?post=5278"}],"curies":[{"name":"wp","href":"https:\/\/api.w.org\/{rel}","templated":true}]}}