{"id":4873,"date":"2025-10-01T09:08:16","date_gmt":"2025-10-01T07:08:16","guid":{"rendered":"https:\/\/comunus.ch\/?p=4873"},"modified":"2026-02-26T15:56:40","modified_gmt":"2026-02-26T14:56:40","slug":"publication-des-decisions-de-lassemblee-generale-ordinaire-du-22-avril-2025-cotation-le-8-octobre-2025","status":"publish","type":"post","link":"https:\/\/comunus.ch\/en\/publication-des-decisions-de-lassemblee-generale-ordinaire-du-22-avril-2025-cotation-le-8-octobre-2025\/","title":{"rendered":"Publication des d\u00e9cisions de l\u2019Assembl\u00e9e g\u00e9n\u00e9rale ordinaire du 22 avril 2025 &amp; Cotation le 8 octobre 2025"},"content":{"rendered":"\n<p>Le Conseil d\u2019administration de la SICAV informe ses actionnaires des modifications apport\u00e9es aux Statuts et au r\u00e8glement de placement actuels de la SICAV sous la forme d\u2019un prospectus avec R\u00e8glement de placement et Statuts int\u00e9gr\u00e9s conform\u00e9ment \u00e0 la r\u00e9glementation applicable en vue de la cotation de son compartiment investisseurs.<\/p>\n\n\n\n<p>Les Statuts et le r\u00e8glement de placement ont \u00e9t\u00e9 approuv\u00e9s par l&#8217;assembl\u00e9e g\u00e9n\u00e9rale de la SICAV en date du 22 avril 2025 et par l\u2019Autorit\u00e9 de surveillance des march\u00e9s financiers FINMA en date du 30 septembre 2025. La date d\u2019entr\u00e9e en vigueur de la modification du r\u00e8glement de placement et des Statuts a \u00e9t\u00e9 fix\u00e9e au 8 octobre 2025.<\/p>\n\n\n\n<p><a href=\"https:\/\/comunus.ch\/wp-content\/uploads\/2025\/10\/Publication_AG-22-avril-2025.pdf\">Publication AG 22 avril 2025<\/a><\/p>\n\n\n\n<p><\/p>\n","protected":false},"excerpt":{"rendered":"<p>Le Conseil d\u2019administration de la SICAV informe ses actionnaires des modifications apport\u00e9es aux Statuts et au r\u00e8glement de placement actuels [&hellip;]<\/p>\n","protected":false},"author":4,"featured_media":3859,"comment_status":"closed","ping_status":"closed","sticky":false,"template":"","format":"standard","meta":{"_acf_changed":false,"footnotes":""},"categories":[3],"tags":[],"type-of-post":[],"post-year":[95],"class_list":["post-4873","post","type-post","status-publish","format-standard","has-post-thumbnail","hentry","category-actualites","post-year-95"],"acf":[],"yoast_head":"<!-- This site is optimized with the Yoast SEO plugin v27.4 - https:\/\/yoast.com\/product\/yoast-seo-wordpress\/ -->\n<title>Publication des d\u00e9cisions de l\u2019Assembl\u00e9e g\u00e9n\u00e9rale ordinaire du 22 avril 2025 &amp; Cotation le 8 octobre 2025 - Comunus<\/title>\n<meta name=\"robots\" content=\"index, follow, max-snippet:-1, max-image-preview:large, max-video-preview:-1\" \/>\n<link rel=\"canonical\" href=\"https:\/\/comunus.ch\/publication-des-decisions-de-lassemblee-generale-ordinaire-du-22-avril-2025-cotation-le-8-octobre-2025\/\" \/>\n<meta property=\"og:locale\" content=\"en_US\" \/>\n<meta property=\"og:type\" content=\"article\" \/>\n<meta property=\"og:title\" content=\"Publication des d\u00e9cisions de l\u2019Assembl\u00e9e g\u00e9n\u00e9rale ordinaire du 22 avril 2025 &amp; Cotation le 8 octobre 2025 - Comunus\" \/>\n<meta property=\"og:description\" content=\"Le Conseil d\u2019administration de la SICAV informe ses actionnaires des modifications apport\u00e9es aux Statuts et au r\u00e8glement de placement actuels [&hellip;]\" \/>\n<meta property=\"og:url\" content=\"https:\/\/comunus.ch\/publication-des-decisions-de-lassemblee-generale-ordinaire-du-22-avril-2025-cotation-le-8-octobre-2025\/\" \/>\n<meta property=\"og:site_name\" content=\"Comunus\" \/>\n<meta property=\"article:published_time\" content=\"2025-10-01T07:08:16+00:00\" \/>\n<meta property=\"article:modified_time\" content=\"2026-02-26T14:56:40+00:00\" \/>\n<meta property=\"og:image\" content=\"https:\/\/comunus.ch\/wp-content\/uploads\/2024\/04\/Photo_newsletterComunus.jpg\" \/>\n\t<meta property=\"og:image:width\" content=\"1732\" \/>\n\t<meta property=\"og:image:height\" content=\"1732\" \/>\n\t<meta property=\"og:image:type\" content=\"image\/jpeg\" \/>\n<meta name=\"author\" content=\"Comunus\" \/>\n<meta name=\"twitter:card\" content=\"summary_large_image\" \/>\n<meta name=\"twitter:label1\" content=\"Written by\" \/>\n\t<meta name=\"twitter:data1\" content=\"Comunus\" \/>\n\t<meta name=\"twitter:label2\" content=\"Est. reading time\" \/>\n\t<meta name=\"twitter:data2\" content=\"1 minute\" \/>\n<script type=\"application\/ld+json\" class=\"yoast-schema-graph\">{\"@context\":\"https:\\\/\\\/schema.org\",\"@graph\":[{\"@type\":\"Article\",\"@id\":\"https:\\\/\\\/comunus.ch\\\/publication-des-decisions-de-lassemblee-generale-ordinaire-du-22-avril-2025-cotation-le-8-octobre-2025\\\/#article\",\"isPartOf\":{\"@id\":\"https:\\\/\\\/comunus.ch\\\/publication-des-decisions-de-lassemblee-generale-ordinaire-du-22-avril-2025-cotation-le-8-octobre-2025\\\/\"},\"author\":{\"name\":\"Comunus\",\"@id\":\"https:\\\/\\\/comunus.ch\\\/#\\\/schema\\\/person\\\/09fd7208ff0bb22afaf011090845c331\"},\"headline\":\"Publication des d\u00e9cisions de l\u2019Assembl\u00e9e g\u00e9n\u00e9rale ordinaire du 22 avril 2025 &amp; Cotation le 8 octobre 2025\",\"datePublished\":\"2025-10-01T07:08:16+00:00\",\"dateModified\":\"2026-02-26T14:56:40+00:00\",\"mainEntityOfPage\":{\"@id\":\"https:\\\/\\\/comunus.ch\\\/publication-des-decisions-de-lassemblee-generale-ordinaire-du-22-avril-2025-cotation-le-8-octobre-2025\\\/\"},\"wordCount\":143,\"publisher\":{\"@id\":\"https:\\\/\\\/comunus.ch\\\/#organization\"},\"image\":{\"@id\":\"https:\\\/\\\/comunus.ch\\\/publication-des-decisions-de-lassemblee-generale-ordinaire-du-22-avril-2025-cotation-le-8-octobre-2025\\\/#primaryimage\"},\"thumbnailUrl\":\"https:\\\/\\\/comunus.ch\\\/wp-content\\\/uploads\\\/2024\\\/04\\\/Photo_newsletterComunus.jpg\",\"articleSection\":[\"Actualit\u00e9s\"],\"inLanguage\":\"en-US\"},{\"@type\":\"WebPage\",\"@id\":\"https:\\\/\\\/comunus.ch\\\/publication-des-decisions-de-lassemblee-generale-ordinaire-du-22-avril-2025-cotation-le-8-octobre-2025\\\/\",\"url\":\"https:\\\/\\\/comunus.ch\\\/publication-des-decisions-de-lassemblee-generale-ordinaire-du-22-avril-2025-cotation-le-8-octobre-2025\\\/\",\"name\":\"Publication des d\u00e9cisions de l\u2019Assembl\u00e9e g\u00e9n\u00e9rale ordinaire du 22 avril 2025 &amp; Cotation le 8 octobre 2025 - Comunus\",\"isPartOf\":{\"@id\":\"https:\\\/\\\/comunus.ch\\\/#website\"},\"primaryImageOfPage\":{\"@id\":\"https:\\\/\\\/comunus.ch\\\/publication-des-decisions-de-lassemblee-generale-ordinaire-du-22-avril-2025-cotation-le-8-octobre-2025\\\/#primaryimage\"},\"image\":{\"@id\":\"https:\\\/\\\/comunus.ch\\\/publication-des-decisions-de-lassemblee-generale-ordinaire-du-22-avril-2025-cotation-le-8-octobre-2025\\\/#primaryimage\"},\"thumbnailUrl\":\"https:\\\/\\\/comunus.ch\\\/wp-content\\\/uploads\\\/2024\\\/04\\\/Photo_newsletterComunus.jpg\",\"datePublished\":\"2025-10-01T07:08:16+00:00\",\"dateModified\":\"2026-02-26T14:56:40+00:00\",\"breadcrumb\":{\"@id\":\"https:\\\/\\\/comunus.ch\\\/publication-des-decisions-de-lassemblee-generale-ordinaire-du-22-avril-2025-cotation-le-8-octobre-2025\\\/#breadcrumb\"},\"inLanguage\":\"en-US\",\"potentialAction\":[{\"@type\":\"ReadAction\",\"target\":[\"https:\\\/\\\/comunus.ch\\\/publication-des-decisions-de-lassemblee-generale-ordinaire-du-22-avril-2025-cotation-le-8-octobre-2025\\\/\"]}]},{\"@type\":\"ImageObject\",\"inLanguage\":\"en-US\",\"@id\":\"https:\\\/\\\/comunus.ch\\\/publication-des-decisions-de-lassemblee-generale-ordinaire-du-22-avril-2025-cotation-le-8-octobre-2025\\\/#primaryimage\",\"url\":\"https:\\\/\\\/comunus.ch\\\/wp-content\\\/uploads\\\/2024\\\/04\\\/Photo_newsletterComunus.jpg\",\"contentUrl\":\"https:\\\/\\\/comunus.ch\\\/wp-content\\\/uploads\\\/2024\\\/04\\\/Photo_newsletterComunus.jpg\",\"width\":1732,\"height\":1732,\"caption\":\"3d envelope with paper documents icon. Vector illustration\"},{\"@type\":\"BreadcrumbList\",\"@id\":\"https:\\\/\\\/comunus.ch\\\/publication-des-decisions-de-lassemblee-generale-ordinaire-du-22-avril-2025-cotation-le-8-octobre-2025\\\/#breadcrumb\",\"itemListElement\":[{\"@type\":\"ListItem\",\"position\":1,\"name\":\"Home\",\"item\":\"https:\\\/\\\/comunus.ch\\\/en\\\/\"},{\"@type\":\"ListItem\",\"position\":2,\"name\":\"Publication des d\u00e9cisions de l\u2019Assembl\u00e9e g\u00e9n\u00e9rale ordinaire du 22 avril 2025 &amp; Cotation le 8 octobre 2025\"}]},{\"@type\":\"WebSite\",\"@id\":\"https:\\\/\\\/comunus.ch\\\/#website\",\"url\":\"https:\\\/\\\/comunus.ch\\\/\",\"name\":\"Comunus\",\"description\":\"Fonds pour investisseurs qualifi\u00e9s\",\"publisher\":{\"@id\":\"https:\\\/\\\/comunus.ch\\\/#organization\"},\"potentialAction\":[{\"@type\":\"SearchAction\",\"target\":{\"@type\":\"EntryPoint\",\"urlTemplate\":\"https:\\\/\\\/comunus.ch\\\/?s={search_term_string}\"},\"query-input\":{\"@type\":\"PropertyValueSpecification\",\"valueRequired\":true,\"valueName\":\"search_term_string\"}}],\"inLanguage\":\"en-US\"},{\"@type\":\"Organization\",\"@id\":\"https:\\\/\\\/comunus.ch\\\/#organization\",\"name\":\"Comunus\",\"url\":\"https:\\\/\\\/comunus.ch\\\/\",\"logo\":{\"@type\":\"ImageObject\",\"inLanguage\":\"en-US\",\"@id\":\"https:\\\/\\\/comunus.ch\\\/#\\\/schema\\\/logo\\\/image\\\/\",\"url\":\"https:\\\/\\\/comunus.ch\\\/wp-content\\\/uploads\\\/2023\\\/07\\\/logo-comunus.svg\",\"contentUrl\":\"https:\\\/\\\/comunus.ch\\\/wp-content\\\/uploads\\\/2023\\\/07\\\/logo-comunus.svg\",\"width\":190,\"height\":26,\"caption\":\"Comunus\"},\"image\":{\"@id\":\"https:\\\/\\\/comunus.ch\\\/#\\\/schema\\\/logo\\\/image\\\/\"}},{\"@type\":\"Person\",\"@id\":\"https:\\\/\\\/comunus.ch\\\/#\\\/schema\\\/person\\\/09fd7208ff0bb22afaf011090845c331\",\"name\":\"Comunus\",\"image\":{\"@type\":\"ImageObject\",\"inLanguage\":\"en-US\",\"@id\":\"https:\\\/\\\/secure.gravatar.com\\\/avatar\\\/22a43bcdb37518e1004920f2e42ae92c2744ff38ba3a5b194cdcd23c842ba884?s=96&d=mm&r=g\",\"url\":\"https:\\\/\\\/secure.gravatar.com\\\/avatar\\\/22a43bcdb37518e1004920f2e42ae92c2744ff38ba3a5b194cdcd23c842ba884?s=96&d=mm&r=g\",\"contentUrl\":\"https:\\\/\\\/secure.gravatar.com\\\/avatar\\\/22a43bcdb37518e1004920f2e42ae92c2744ff38ba3a5b194cdcd23c842ba884?s=96&d=mm&r=g\",\"caption\":\"Comunus\"},\"url\":\"https:\\\/\\\/comunus.ch\\\/en\\\/author\\\/editeurcomunus\\\/\"}]}<\/script>\n<!-- \/ Yoast SEO plugin. -->","yoast_head_json":{"title":"Publication des d\u00e9cisions de l\u2019Assembl\u00e9e g\u00e9n\u00e9rale ordinaire du 22 avril 2025 &amp; Cotation le 8 octobre 2025 - Comunus","robots":{"index":"index","follow":"follow","max-snippet":"max-snippet:-1","max-image-preview":"max-image-preview:large","max-video-preview":"max-video-preview:-1"},"canonical":"https:\/\/comunus.ch\/publication-des-decisions-de-lassemblee-generale-ordinaire-du-22-avril-2025-cotation-le-8-octobre-2025\/","og_locale":"en_US","og_type":"article","og_title":"Publication des d\u00e9cisions de l\u2019Assembl\u00e9e g\u00e9n\u00e9rale ordinaire du 22 avril 2025 &amp; Cotation le 8 octobre 2025 - Comunus","og_description":"Le Conseil d\u2019administration de la SICAV informe ses actionnaires des modifications apport\u00e9es aux Statuts et au r\u00e8glement de placement actuels [&hellip;]","og_url":"https:\/\/comunus.ch\/publication-des-decisions-de-lassemblee-generale-ordinaire-du-22-avril-2025-cotation-le-8-octobre-2025\/","og_site_name":"Comunus","article_published_time":"2025-10-01T07:08:16+00:00","article_modified_time":"2026-02-26T14:56:40+00:00","og_image":[{"width":1732,"height":1732,"url":"https:\/\/comunus.ch\/wp-content\/uploads\/2024\/04\/Photo_newsletterComunus.jpg","type":"image\/jpeg"}],"author":"Comunus","twitter_card":"summary_large_image","twitter_misc":{"Written by":"Comunus","Est. reading time":"1 minute"},"schema":{"@context":"https:\/\/schema.org","@graph":[{"@type":"Article","@id":"https:\/\/comunus.ch\/publication-des-decisions-de-lassemblee-generale-ordinaire-du-22-avril-2025-cotation-le-8-octobre-2025\/#article","isPartOf":{"@id":"https:\/\/comunus.ch\/publication-des-decisions-de-lassemblee-generale-ordinaire-du-22-avril-2025-cotation-le-8-octobre-2025\/"},"author":{"name":"Comunus","@id":"https:\/\/comunus.ch\/#\/schema\/person\/09fd7208ff0bb22afaf011090845c331"},"headline":"Publication des d\u00e9cisions de l\u2019Assembl\u00e9e g\u00e9n\u00e9rale ordinaire du 22 avril 2025 &amp; Cotation le 8 octobre 2025","datePublished":"2025-10-01T07:08:16+00:00","dateModified":"2026-02-26T14:56:40+00:00","mainEntityOfPage":{"@id":"https:\/\/comunus.ch\/publication-des-decisions-de-lassemblee-generale-ordinaire-du-22-avril-2025-cotation-le-8-octobre-2025\/"},"wordCount":143,"publisher":{"@id":"https:\/\/comunus.ch\/#organization"},"image":{"@id":"https:\/\/comunus.ch\/publication-des-decisions-de-lassemblee-generale-ordinaire-du-22-avril-2025-cotation-le-8-octobre-2025\/#primaryimage"},"thumbnailUrl":"https:\/\/comunus.ch\/wp-content\/uploads\/2024\/04\/Photo_newsletterComunus.jpg","articleSection":["Actualit\u00e9s"],"inLanguage":"en-US"},{"@type":"WebPage","@id":"https:\/\/comunus.ch\/publication-des-decisions-de-lassemblee-generale-ordinaire-du-22-avril-2025-cotation-le-8-octobre-2025\/","url":"https:\/\/comunus.ch\/publication-des-decisions-de-lassemblee-generale-ordinaire-du-22-avril-2025-cotation-le-8-octobre-2025\/","name":"Publication des d\u00e9cisions de l\u2019Assembl\u00e9e g\u00e9n\u00e9rale ordinaire du 22 avril 2025 &amp; Cotation le 8 octobre 2025 - Comunus","isPartOf":{"@id":"https:\/\/comunus.ch\/#website"},"primaryImageOfPage":{"@id":"https:\/\/comunus.ch\/publication-des-decisions-de-lassemblee-generale-ordinaire-du-22-avril-2025-cotation-le-8-octobre-2025\/#primaryimage"},"image":{"@id":"https:\/\/comunus.ch\/publication-des-decisions-de-lassemblee-generale-ordinaire-du-22-avril-2025-cotation-le-8-octobre-2025\/#primaryimage"},"thumbnailUrl":"https:\/\/comunus.ch\/wp-content\/uploads\/2024\/04\/Photo_newsletterComunus.jpg","datePublished":"2025-10-01T07:08:16+00:00","dateModified":"2026-02-26T14:56:40+00:00","breadcrumb":{"@id":"https:\/\/comunus.ch\/publication-des-decisions-de-lassemblee-generale-ordinaire-du-22-avril-2025-cotation-le-8-octobre-2025\/#breadcrumb"},"inLanguage":"en-US","potentialAction":[{"@type":"ReadAction","target":["https:\/\/comunus.ch\/publication-des-decisions-de-lassemblee-generale-ordinaire-du-22-avril-2025-cotation-le-8-octobre-2025\/"]}]},{"@type":"ImageObject","inLanguage":"en-US","@id":"https:\/\/comunus.ch\/publication-des-decisions-de-lassemblee-generale-ordinaire-du-22-avril-2025-cotation-le-8-octobre-2025\/#primaryimage","url":"https:\/\/comunus.ch\/wp-content\/uploads\/2024\/04\/Photo_newsletterComunus.jpg","contentUrl":"https:\/\/comunus.ch\/wp-content\/uploads\/2024\/04\/Photo_newsletterComunus.jpg","width":1732,"height":1732,"caption":"3d envelope with paper documents icon. Vector illustration"},{"@type":"BreadcrumbList","@id":"https:\/\/comunus.ch\/publication-des-decisions-de-lassemblee-generale-ordinaire-du-22-avril-2025-cotation-le-8-octobre-2025\/#breadcrumb","itemListElement":[{"@type":"ListItem","position":1,"name":"Home","item":"https:\/\/comunus.ch\/en\/"},{"@type":"ListItem","position":2,"name":"Publication des d\u00e9cisions de l\u2019Assembl\u00e9e g\u00e9n\u00e9rale ordinaire du 22 avril 2025 &amp; Cotation le 8 octobre 2025"}]},{"@type":"WebSite","@id":"https:\/\/comunus.ch\/#website","url":"https:\/\/comunus.ch\/","name":"Comunus","description":"Fonds pour investisseurs qualifi\u00e9s","publisher":{"@id":"https:\/\/comunus.ch\/#organization"},"potentialAction":[{"@type":"SearchAction","target":{"@type":"EntryPoint","urlTemplate":"https:\/\/comunus.ch\/?s={search_term_string}"},"query-input":{"@type":"PropertyValueSpecification","valueRequired":true,"valueName":"search_term_string"}}],"inLanguage":"en-US"},{"@type":"Organization","@id":"https:\/\/comunus.ch\/#organization","name":"Comunus","url":"https:\/\/comunus.ch\/","logo":{"@type":"ImageObject","inLanguage":"en-US","@id":"https:\/\/comunus.ch\/#\/schema\/logo\/image\/","url":"https:\/\/comunus.ch\/wp-content\/uploads\/2023\/07\/logo-comunus.svg","contentUrl":"https:\/\/comunus.ch\/wp-content\/uploads\/2023\/07\/logo-comunus.svg","width":190,"height":26,"caption":"Comunus"},"image":{"@id":"https:\/\/comunus.ch\/#\/schema\/logo\/image\/"}},{"@type":"Person","@id":"https:\/\/comunus.ch\/#\/schema\/person\/09fd7208ff0bb22afaf011090845c331","name":"Comunus","image":{"@type":"ImageObject","inLanguage":"en-US","@id":"https:\/\/secure.gravatar.com\/avatar\/22a43bcdb37518e1004920f2e42ae92c2744ff38ba3a5b194cdcd23c842ba884?s=96&d=mm&r=g","url":"https:\/\/secure.gravatar.com\/avatar\/22a43bcdb37518e1004920f2e42ae92c2744ff38ba3a5b194cdcd23c842ba884?s=96&d=mm&r=g","contentUrl":"https:\/\/secure.gravatar.com\/avatar\/22a43bcdb37518e1004920f2e42ae92c2744ff38ba3a5b194cdcd23c842ba884?s=96&d=mm&r=g","caption":"Comunus"},"url":"https:\/\/comunus.ch\/en\/author\/editeurcomunus\/"}]}},"_links":{"self":[{"href":"https:\/\/comunus.ch\/en\/wp-json\/wp\/v2\/posts\/4873","targetHints":{"allow":["GET"]}}],"collection":[{"href":"https:\/\/comunus.ch\/en\/wp-json\/wp\/v2\/posts"}],"about":[{"href":"https:\/\/comunus.ch\/en\/wp-json\/wp\/v2\/types\/post"}],"author":[{"embeddable":true,"href":"https:\/\/comunus.ch\/en\/wp-json\/wp\/v2\/users\/4"}],"replies":[{"embeddable":true,"href":"https:\/\/comunus.ch\/en\/wp-json\/wp\/v2\/comments?post=4873"}],"version-history":[{"count":3,"href":"https:\/\/comunus.ch\/en\/wp-json\/wp\/v2\/posts\/4873\/revisions"}],"predecessor-version":[{"id":5285,"href":"https:\/\/comunus.ch\/en\/wp-json\/wp\/v2\/posts\/4873\/revisions\/5285"}],"wp:featuredmedia":[{"embeddable":true,"href":"https:\/\/comunus.ch\/en\/wp-json\/wp\/v2\/media\/3859"}],"wp:attachment":[{"href":"https:\/\/comunus.ch\/en\/wp-json\/wp\/v2\/media?parent=4873"}],"wp:term":[{"taxonomy":"category","embeddable":true,"href":"https:\/\/comunus.ch\/en\/wp-json\/wp\/v2\/categories?post=4873"},{"taxonomy":"post_tag","embeddable":true,"href":"https:\/\/comunus.ch\/en\/wp-json\/wp\/v2\/tags?post=4873"},{"taxonomy":"type-of-post","embeddable":true,"href":"https:\/\/comunus.ch\/en\/wp-json\/wp\/v2\/type-of-post?post=4873"},{"taxonomy":"post-year","embeddable":true,"href":"https:\/\/comunus.ch\/en\/wp-json\/wp\/v2\/post-year?post=4873"}],"curies":[{"name":"wp","href":"https:\/\/api.w.org\/{rel}","templated":true}]}}