{"id":4783,"date":"2025-09-01T17:01:57","date_gmt":"2025-09-01T15:01:57","guid":{"rendered":"https:\/\/comunus.ch\/?p=4783"},"modified":"2025-10-05T13:41:52","modified_gmt":"2025-10-05T11:41:52","slug":"information-investisseurs-augmentation-de-capital-2","status":"publish","type":"post","link":"https:\/\/comunus.ch\/en\/information-investisseurs-augmentation-de-capital-2\/","title":{"rendered":"Information investisseurs &#8211; Augmentation de capital"},"content":{"rendered":"\n<p><strong>Annonce des conditions d\u2019\u00e9mission du 3 octobre 2025<\/strong><\/p>\n\n\n\n<p>Cette nouvelle augmentation de capital a pour objectif de financer l\u2019acquisition d\u00e9j\u00e0 s\u00e9curis\u00e9e de 9 immeubles situ\u00e9s en Suisse romande. Ces immeubles contribueront \u00e0 l\u2019am\u00e9lioration du rendement du Fonds sur le long terme.<\/p>\n\n\n\n<figure style=\"font-size:0.9rem\" class=\"wp-block-table\"><table class=\"has-fixed-layout\"><tbody><tr><td><strong>P\u00e9riode de souscription:<\/strong><\/td><td>du 15 au 26 septembre 2025, 12h00<\/td><\/tr><tr><td><strong>Rapport de souscription:<\/strong><\/td><td>8 anciennes actions (8 droits de souscription) donnent le droit de souscrire \u00e0 1 nouvelle(s) action(s)<\/td><\/tr><tr><td><strong>Prix de souscription:<\/strong><\/td><td>CHF 183.75 net par nouvelle action<\/td><\/tr><tr><td><strong>Lib\u00e9ration:<\/strong><\/td><td>3 octobre 2025<\/td><\/tr><tr><td><strong>Banque d\u00e9positaire:<\/strong><\/td><td>Banque Cantonale Vaudoise, Lausanne<\/td><\/tr><tr><td><strong>Num\u00e9ro de valeur \/ ISIN:<\/strong><\/td><td>Actions : 20 060 091 \/ CH0200600911<br>Droits de souscription: 147 743 770 \/ CH1477437706<\/td><\/tr><\/tbody><\/table><\/figure>\n\n\n\n<p>Le prospectus d\u2019\u00e9mission est disponible sur notre site internet dans la rubrique &#8220;Informations investisseurs&#8221; ou directement sur le lien suivant: <a href=\"https:\/\/comunus.ch\/wp-content\/uploads\/2025\/09\/Prospectus-demission-AC-Comunus-1.pdf\" target=\"_blank\" rel=\"noreferrer noopener\">Prospectus d\u2019\u00e9mission<\/a>.<\/p>\n\n\n\n<p>Comunus SICAV s\u2019inscrit dans une perspective de cr\u00e9ation de valeur durable gr\u00e2ce \u00e0 une gestion dynamique du portefeuille. La croissance r\u00e9guli\u00e8re des revenus provient essentiellement de placements dans des immeubles r\u00e9sidentiels\/mixtes, situ\u00e9s dans des centres urbains et qui font l\u2019objet de r\u00e9novations au fur et \u00e0 mesure de la rotation des locataires, ainsi que la vente d\u2019immeubles transform\u00e9s ou am\u00e9lior\u00e9s permettant d\u2019engendrer des gains en capitaux pour les actionnaires.<\/p>\n\n\n\n<p><\/p>\n","protected":false},"excerpt":{"rendered":"<p>Annonce des conditions d\u2019\u00e9mission du 3 octobre 2025 Cette nouvelle augmentation de capital a pour objectif de financer l\u2019acquisition d\u00e9j\u00e0 [&hellip;]<\/p>\n","protected":false},"author":4,"featured_media":2810,"comment_status":"closed","ping_status":"closed","sticky":false,"template":"","format":"standard","meta":{"_acf_changed":false,"footnotes":""},"categories":[3],"tags":[],"type-of-post":[],"post-year":[95],"class_list":["post-4783","post","type-post","status-publish","format-standard","has-post-thumbnail","hentry","category-actualites","post-year-95"],"acf":[],"yoast_head":"<!-- This site is optimized with the Yoast SEO plugin v27.4 - https:\/\/yoast.com\/product\/yoast-seo-wordpress\/ -->\n<title>Information investisseurs - Augmentation de capital - Comunus<\/title>\n<meta name=\"robots\" content=\"index, follow, max-snippet:-1, max-image-preview:large, max-video-preview:-1\" \/>\n<link rel=\"canonical\" href=\"https:\/\/comunus.ch\/information-investisseurs-augmentation-de-capital-2\/\" \/>\n<meta property=\"og:locale\" content=\"en_US\" \/>\n<meta property=\"og:type\" content=\"article\" \/>\n<meta property=\"og:title\" content=\"Information investisseurs - Augmentation de capital - Comunus\" \/>\n<meta property=\"og:description\" content=\"Annonce des conditions d\u2019\u00e9mission du 3 octobre 2025 Cette nouvelle augmentation de capital a pour objectif de financer l\u2019acquisition d\u00e9j\u00e0 [&hellip;]\" \/>\n<meta property=\"og:url\" content=\"https:\/\/comunus.ch\/information-investisseurs-augmentation-de-capital-2\/\" \/>\n<meta property=\"og:site_name\" content=\"Comunus\" \/>\n<meta property=\"article:published_time\" content=\"2025-09-01T15:01:57+00:00\" \/>\n<meta property=\"article:modified_time\" content=\"2025-10-05T11:41:52+00:00\" \/>\n<meta property=\"og:image\" content=\"https:\/\/comunus.ch\/wp-content\/uploads\/2023\/07\/Actu_CapitalPrevue.jpg\" \/>\n\t<meta property=\"og:image:width\" content=\"1024\" \/>\n\t<meta property=\"og:image:height\" content=\"683\" \/>\n\t<meta property=\"og:image:type\" content=\"image\/jpeg\" \/>\n<meta name=\"author\" content=\"Comunus\" \/>\n<meta name=\"twitter:card\" content=\"summary_large_image\" \/>\n<meta name=\"twitter:label1\" content=\"Written by\" \/>\n\t<meta name=\"twitter:data1\" content=\"Comunus\" \/>\n\t<meta name=\"twitter:label2\" content=\"Est. reading time\" \/>\n\t<meta name=\"twitter:data2\" content=\"2 minutes\" \/>\n<script type=\"application\/ld+json\" class=\"yoast-schema-graph\">{\"@context\":\"https:\\\/\\\/schema.org\",\"@graph\":[{\"@type\":\"Article\",\"@id\":\"https:\\\/\\\/comunus.ch\\\/information-investisseurs-augmentation-de-capital-2\\\/#article\",\"isPartOf\":{\"@id\":\"https:\\\/\\\/comunus.ch\\\/information-investisseurs-augmentation-de-capital-2\\\/\"},\"author\":{\"name\":\"Comunus\",\"@id\":\"https:\\\/\\\/comunus.ch\\\/#\\\/schema\\\/person\\\/09fd7208ff0bb22afaf011090845c331\"},\"headline\":\"Information investisseurs &#8211; Augmentation de capital\",\"datePublished\":\"2025-09-01T15:01:57+00:00\",\"dateModified\":\"2025-10-05T11:41:52+00:00\",\"mainEntityOfPage\":{\"@id\":\"https:\\\/\\\/comunus.ch\\\/information-investisseurs-augmentation-de-capital-2\\\/\"},\"wordCount\":211,\"publisher\":{\"@id\":\"https:\\\/\\\/comunus.ch\\\/#organization\"},\"image\":{\"@id\":\"https:\\\/\\\/comunus.ch\\\/information-investisseurs-augmentation-de-capital-2\\\/#primaryimage\"},\"thumbnailUrl\":\"https:\\\/\\\/comunus.ch\\\/wp-content\\\/uploads\\\/2023\\\/07\\\/Actu_CapitalPrevue.jpg\",\"articleSection\":[\"Actualit\u00e9s\"],\"inLanguage\":\"en-US\"},{\"@type\":\"WebPage\",\"@id\":\"https:\\\/\\\/comunus.ch\\\/information-investisseurs-augmentation-de-capital-2\\\/\",\"url\":\"https:\\\/\\\/comunus.ch\\\/information-investisseurs-augmentation-de-capital-2\\\/\",\"name\":\"Information investisseurs - Augmentation de capital - Comunus\",\"isPartOf\":{\"@id\":\"https:\\\/\\\/comunus.ch\\\/#website\"},\"primaryImageOfPage\":{\"@id\":\"https:\\\/\\\/comunus.ch\\\/information-investisseurs-augmentation-de-capital-2\\\/#primaryimage\"},\"image\":{\"@id\":\"https:\\\/\\\/comunus.ch\\\/information-investisseurs-augmentation-de-capital-2\\\/#primaryimage\"},\"thumbnailUrl\":\"https:\\\/\\\/comunus.ch\\\/wp-content\\\/uploads\\\/2023\\\/07\\\/Actu_CapitalPrevue.jpg\",\"datePublished\":\"2025-09-01T15:01:57+00:00\",\"dateModified\":\"2025-10-05T11:41:52+00:00\",\"breadcrumb\":{\"@id\":\"https:\\\/\\\/comunus.ch\\\/information-investisseurs-augmentation-de-capital-2\\\/#breadcrumb\"},\"inLanguage\":\"en-US\",\"potentialAction\":[{\"@type\":\"ReadAction\",\"target\":[\"https:\\\/\\\/comunus.ch\\\/information-investisseurs-augmentation-de-capital-2\\\/\"]}]},{\"@type\":\"ImageObject\",\"inLanguage\":\"en-US\",\"@id\":\"https:\\\/\\\/comunus.ch\\\/information-investisseurs-augmentation-de-capital-2\\\/#primaryimage\",\"url\":\"https:\\\/\\\/comunus.ch\\\/wp-content\\\/uploads\\\/2023\\\/07\\\/Actu_CapitalPrevue.jpg\",\"contentUrl\":\"https:\\\/\\\/comunus.ch\\\/wp-content\\\/uploads\\\/2023\\\/07\\\/Actu_CapitalPrevue.jpg\",\"width\":1024,\"height\":683},{\"@type\":\"BreadcrumbList\",\"@id\":\"https:\\\/\\\/comunus.ch\\\/information-investisseurs-augmentation-de-capital-2\\\/#breadcrumb\",\"itemListElement\":[{\"@type\":\"ListItem\",\"position\":1,\"name\":\"Home\",\"item\":\"https:\\\/\\\/comunus.ch\\\/en\\\/\"},{\"@type\":\"ListItem\",\"position\":2,\"name\":\"Information investisseurs &#8211; Augmentation de capital\"}]},{\"@type\":\"WebSite\",\"@id\":\"https:\\\/\\\/comunus.ch\\\/#website\",\"url\":\"https:\\\/\\\/comunus.ch\\\/\",\"name\":\"Comunus\",\"description\":\"Fonds pour investisseurs qualifi\u00e9s\",\"publisher\":{\"@id\":\"https:\\\/\\\/comunus.ch\\\/#organization\"},\"potentialAction\":[{\"@type\":\"SearchAction\",\"target\":{\"@type\":\"EntryPoint\",\"urlTemplate\":\"https:\\\/\\\/comunus.ch\\\/?s={search_term_string}\"},\"query-input\":{\"@type\":\"PropertyValueSpecification\",\"valueRequired\":true,\"valueName\":\"search_term_string\"}}],\"inLanguage\":\"en-US\"},{\"@type\":\"Organization\",\"@id\":\"https:\\\/\\\/comunus.ch\\\/#organization\",\"name\":\"Comunus\",\"url\":\"https:\\\/\\\/comunus.ch\\\/\",\"logo\":{\"@type\":\"ImageObject\",\"inLanguage\":\"en-US\",\"@id\":\"https:\\\/\\\/comunus.ch\\\/#\\\/schema\\\/logo\\\/image\\\/\",\"url\":\"https:\\\/\\\/comunus.ch\\\/wp-content\\\/uploads\\\/2023\\\/07\\\/logo-comunus.svg\",\"contentUrl\":\"https:\\\/\\\/comunus.ch\\\/wp-content\\\/uploads\\\/2023\\\/07\\\/logo-comunus.svg\",\"width\":190,\"height\":26,\"caption\":\"Comunus\"},\"image\":{\"@id\":\"https:\\\/\\\/comunus.ch\\\/#\\\/schema\\\/logo\\\/image\\\/\"}},{\"@type\":\"Person\",\"@id\":\"https:\\\/\\\/comunus.ch\\\/#\\\/schema\\\/person\\\/09fd7208ff0bb22afaf011090845c331\",\"name\":\"Comunus\",\"image\":{\"@type\":\"ImageObject\",\"inLanguage\":\"en-US\",\"@id\":\"https:\\\/\\\/secure.gravatar.com\\\/avatar\\\/22a43bcdb37518e1004920f2e42ae92c2744ff38ba3a5b194cdcd23c842ba884?s=96&d=mm&r=g\",\"url\":\"https:\\\/\\\/secure.gravatar.com\\\/avatar\\\/22a43bcdb37518e1004920f2e42ae92c2744ff38ba3a5b194cdcd23c842ba884?s=96&d=mm&r=g\",\"contentUrl\":\"https:\\\/\\\/secure.gravatar.com\\\/avatar\\\/22a43bcdb37518e1004920f2e42ae92c2744ff38ba3a5b194cdcd23c842ba884?s=96&d=mm&r=g\",\"caption\":\"Comunus\"},\"url\":\"https:\\\/\\\/comunus.ch\\\/en\\\/author\\\/editeurcomunus\\\/\"}]}<\/script>\n<!-- \/ Yoast SEO plugin. -->","yoast_head_json":{"title":"Information investisseurs - Augmentation de capital - Comunus","robots":{"index":"index","follow":"follow","max-snippet":"max-snippet:-1","max-image-preview":"max-image-preview:large","max-video-preview":"max-video-preview:-1"},"canonical":"https:\/\/comunus.ch\/information-investisseurs-augmentation-de-capital-2\/","og_locale":"en_US","og_type":"article","og_title":"Information investisseurs - Augmentation de capital - Comunus","og_description":"Annonce des conditions d\u2019\u00e9mission du 3 octobre 2025 Cette nouvelle augmentation de capital a pour objectif de financer l\u2019acquisition d\u00e9j\u00e0 [&hellip;]","og_url":"https:\/\/comunus.ch\/information-investisseurs-augmentation-de-capital-2\/","og_site_name":"Comunus","article_published_time":"2025-09-01T15:01:57+00:00","article_modified_time":"2025-10-05T11:41:52+00:00","og_image":[{"width":1024,"height":683,"url":"https:\/\/comunus.ch\/wp-content\/uploads\/2023\/07\/Actu_CapitalPrevue.jpg","type":"image\/jpeg"}],"author":"Comunus","twitter_card":"summary_large_image","twitter_misc":{"Written by":"Comunus","Est. reading time":"2 minutes"},"schema":{"@context":"https:\/\/schema.org","@graph":[{"@type":"Article","@id":"https:\/\/comunus.ch\/information-investisseurs-augmentation-de-capital-2\/#article","isPartOf":{"@id":"https:\/\/comunus.ch\/information-investisseurs-augmentation-de-capital-2\/"},"author":{"name":"Comunus","@id":"https:\/\/comunus.ch\/#\/schema\/person\/09fd7208ff0bb22afaf011090845c331"},"headline":"Information investisseurs &#8211; Augmentation de capital","datePublished":"2025-09-01T15:01:57+00:00","dateModified":"2025-10-05T11:41:52+00:00","mainEntityOfPage":{"@id":"https:\/\/comunus.ch\/information-investisseurs-augmentation-de-capital-2\/"},"wordCount":211,"publisher":{"@id":"https:\/\/comunus.ch\/#organization"},"image":{"@id":"https:\/\/comunus.ch\/information-investisseurs-augmentation-de-capital-2\/#primaryimage"},"thumbnailUrl":"https:\/\/comunus.ch\/wp-content\/uploads\/2023\/07\/Actu_CapitalPrevue.jpg","articleSection":["Actualit\u00e9s"],"inLanguage":"en-US"},{"@type":"WebPage","@id":"https:\/\/comunus.ch\/information-investisseurs-augmentation-de-capital-2\/","url":"https:\/\/comunus.ch\/information-investisseurs-augmentation-de-capital-2\/","name":"Information investisseurs - Augmentation de capital - Comunus","isPartOf":{"@id":"https:\/\/comunus.ch\/#website"},"primaryImageOfPage":{"@id":"https:\/\/comunus.ch\/information-investisseurs-augmentation-de-capital-2\/#primaryimage"},"image":{"@id":"https:\/\/comunus.ch\/information-investisseurs-augmentation-de-capital-2\/#primaryimage"},"thumbnailUrl":"https:\/\/comunus.ch\/wp-content\/uploads\/2023\/07\/Actu_CapitalPrevue.jpg","datePublished":"2025-09-01T15:01:57+00:00","dateModified":"2025-10-05T11:41:52+00:00","breadcrumb":{"@id":"https:\/\/comunus.ch\/information-investisseurs-augmentation-de-capital-2\/#breadcrumb"},"inLanguage":"en-US","potentialAction":[{"@type":"ReadAction","target":["https:\/\/comunus.ch\/information-investisseurs-augmentation-de-capital-2\/"]}]},{"@type":"ImageObject","inLanguage":"en-US","@id":"https:\/\/comunus.ch\/information-investisseurs-augmentation-de-capital-2\/#primaryimage","url":"https:\/\/comunus.ch\/wp-content\/uploads\/2023\/07\/Actu_CapitalPrevue.jpg","contentUrl":"https:\/\/comunus.ch\/wp-content\/uploads\/2023\/07\/Actu_CapitalPrevue.jpg","width":1024,"height":683},{"@type":"BreadcrumbList","@id":"https:\/\/comunus.ch\/information-investisseurs-augmentation-de-capital-2\/#breadcrumb","itemListElement":[{"@type":"ListItem","position":1,"name":"Home","item":"https:\/\/comunus.ch\/en\/"},{"@type":"ListItem","position":2,"name":"Information investisseurs &#8211; Augmentation de capital"}]},{"@type":"WebSite","@id":"https:\/\/comunus.ch\/#website","url":"https:\/\/comunus.ch\/","name":"Comunus","description":"Fonds pour investisseurs qualifi\u00e9s","publisher":{"@id":"https:\/\/comunus.ch\/#organization"},"potentialAction":[{"@type":"SearchAction","target":{"@type":"EntryPoint","urlTemplate":"https:\/\/comunus.ch\/?s={search_term_string}"},"query-input":{"@type":"PropertyValueSpecification","valueRequired":true,"valueName":"search_term_string"}}],"inLanguage":"en-US"},{"@type":"Organization","@id":"https:\/\/comunus.ch\/#organization","name":"Comunus","url":"https:\/\/comunus.ch\/","logo":{"@type":"ImageObject","inLanguage":"en-US","@id":"https:\/\/comunus.ch\/#\/schema\/logo\/image\/","url":"https:\/\/comunus.ch\/wp-content\/uploads\/2023\/07\/logo-comunus.svg","contentUrl":"https:\/\/comunus.ch\/wp-content\/uploads\/2023\/07\/logo-comunus.svg","width":190,"height":26,"caption":"Comunus"},"image":{"@id":"https:\/\/comunus.ch\/#\/schema\/logo\/image\/"}},{"@type":"Person","@id":"https:\/\/comunus.ch\/#\/schema\/person\/09fd7208ff0bb22afaf011090845c331","name":"Comunus","image":{"@type":"ImageObject","inLanguage":"en-US","@id":"https:\/\/secure.gravatar.com\/avatar\/22a43bcdb37518e1004920f2e42ae92c2744ff38ba3a5b194cdcd23c842ba884?s=96&d=mm&r=g","url":"https:\/\/secure.gravatar.com\/avatar\/22a43bcdb37518e1004920f2e42ae92c2744ff38ba3a5b194cdcd23c842ba884?s=96&d=mm&r=g","contentUrl":"https:\/\/secure.gravatar.com\/avatar\/22a43bcdb37518e1004920f2e42ae92c2744ff38ba3a5b194cdcd23c842ba884?s=96&d=mm&r=g","caption":"Comunus"},"url":"https:\/\/comunus.ch\/en\/author\/editeurcomunus\/"}]}},"_links":{"self":[{"href":"https:\/\/comunus.ch\/en\/wp-json\/wp\/v2\/posts\/4783","targetHints":{"allow":["GET"]}}],"collection":[{"href":"https:\/\/comunus.ch\/en\/wp-json\/wp\/v2\/posts"}],"about":[{"href":"https:\/\/comunus.ch\/en\/wp-json\/wp\/v2\/types\/post"}],"author":[{"embeddable":true,"href":"https:\/\/comunus.ch\/en\/wp-json\/wp\/v2\/users\/4"}],"replies":[{"embeddable":true,"href":"https:\/\/comunus.ch\/en\/wp-json\/wp\/v2\/comments?post=4783"}],"version-history":[{"count":13,"href":"https:\/\/comunus.ch\/en\/wp-json\/wp\/v2\/posts\/4783\/revisions"}],"predecessor-version":[{"id":4872,"href":"https:\/\/comunus.ch\/en\/wp-json\/wp\/v2\/posts\/4783\/revisions\/4872"}],"wp:featuredmedia":[{"embeddable":true,"href":"https:\/\/comunus.ch\/en\/wp-json\/wp\/v2\/media\/2810"}],"wp:attachment":[{"href":"https:\/\/comunus.ch\/en\/wp-json\/wp\/v2\/media?parent=4783"}],"wp:term":[{"taxonomy":"category","embeddable":true,"href":"https:\/\/comunus.ch\/en\/wp-json\/wp\/v2\/categories?post=4783"},{"taxonomy":"post_tag","embeddable":true,"href":"https:\/\/comunus.ch\/en\/wp-json\/wp\/v2\/tags?post=4783"},{"taxonomy":"type-of-post","embeddable":true,"href":"https:\/\/comunus.ch\/en\/wp-json\/wp\/v2\/type-of-post?post=4783"},{"taxonomy":"post-year","embeddable":true,"href":"https:\/\/comunus.ch\/en\/wp-json\/wp\/v2\/post-year?post=4783"}],"curies":[{"name":"wp","href":"https:\/\/api.w.org\/{rel}","templated":true}]}}