{"id":4719,"date":"2025-08-27T15:13:27","date_gmt":"2025-08-27T13:13:27","guid":{"rendered":"https:\/\/comunus.ch\/?p=4719"},"modified":"2025-10-05T13:41:52","modified_gmt":"2025-10-05T11:41:52","slug":"publication-du-rapport-semestriel-au-30-06-2025","status":"publish","type":"post","link":"https:\/\/comunus.ch\/en\/publication-du-rapport-semestriel-au-30-06-2025\/","title":{"rendered":"Publication du rapport semestriel au 30.06.2025"},"content":{"rendered":"\n<p>Comunus a publi\u00e9 son rapport semestriel pour la p\u00e9riode du 31.12.2024 jusqu\u2019au 30.06.2025. Les revenus locatifs atteignent CHF 14.6 millions, une hausse de +39.4% par rapport au 30.06.2024. Le r\u00e9sultat net atteint CHF 7.1 millions au 30 juin, auxquels s\u2019ajoutent CHF 2.5 millions de gains r\u00e9alis\u00e9s sur ventes pour un r\u00e9sultat r\u00e9alis\u00e9 de 9.7 millions. Ces r\u00e9sultats confirment la croissance qualitative du Fonds.<\/p>\n\n\n\n<p><strong>Performance financi\u00e8re<\/strong><\/p>\n\n\n\n<p>Au 30 juin, la fortune totale s\u2019\u00e9l\u00e8ve \u00e0 CHF 750 millions et la fortune nette \u00e0 CHF 519 millions, en progression de 12.4% par rapport au 31.12.2024. La marge EBIT est en hausse et atteint 68.3% (66.8% en 2024). Le r\u00e9sultat op\u00e9rationnel b\u00e9n\u00e9ficie en effet d\u2019un TER GAV en baisse \u00e0 0.70% (0.73% en 2024). L\u2019endettement du Fonds recule \u00e0 25.82%, soit une diminution de -1.22% sur un an.<\/p>\n\n\n\n<p><strong>Transactions du semestre<\/strong><\/p>\n\n\n\n<p>Au premier semestre 2025, Comunus SICAV a men\u00e9 plusieurs transactions strat\u00e9giques visant \u00e0 renforcer le rendement du Fonds tout en ma\u00eetrisant les risques. La vente d\u2019un immeuble r\u00e9sidentiel \u00e0 Bex ainsi que de cinq lots en PPE a permis de d\u00e9gager un gain net d\u2019imp\u00f4ts de CHF 2.5 millions. En parall\u00e8le, Comunus a acquis 2 immeubles r\u00e9sidentiels (CHF 13.8 mio), 3 immeubles mixtes (CHF 26.8 mio) et 3 immeubles destin\u00e9s \u00e0 la vente en PPE, dont un en cours de cr\u00e9ation (CHF 51.0 mio).<\/p>\n\n\n\n<style>\n  .comunus-grid {\n    display: grid;\n    grid-template-columns: repeat(auto-fit, minmax(220px, 1fr));\n    gap: 20px;\n    margin: 2em 0;\n    font-family: 'Helvetica Neue', Arial, sans-serif;\n  }\n  .comunus-card {\n    background: #fff;\n    border: 1px solid #eee;\n    border-left: 5px solid #D4AF37; \/* Dor\u00e9 *\/\n    border-radius: 10px;\n    padding: 25px;\n    box-shadow: 0 4px 8px rgba(0,0,0,0.05);\n    transition: transform 0.2s ease;\n    text-align: center;\n  }\n  .comunus-card:hover {\n    transform: translateY(-3px);\n  }\n  .comunus-card h4 {\n    margin: 0;\n    font-size: 2rem;\n    font-weight: bold;\n    color: #D4AF37; \/* chiffre dor\u00e9 *\/\n  }\n  .comunus-card p {\n    margin: 8px 0 0;\n    font-size: 0.95rem;\n    color: #444;\n  }\n  .comunus-title {\n    font-size: 1.6em;\n    font-weight: bold;\n    margin-bottom: 1em;\n    color: #333;\n    border-bottom: 2px solid #D4AF37;\n    display: inline-block;\n    padding-bottom: 0.2em;\n  }\n<\/style>\n\n<div>\n  <div class=\"comunus-title\">Chiffres cl\u00e9s du Fonds au 30.06.2025<\/div>\n  <div class=\"comunus-grid\">\n\n    <div class=\"comunus-card\">\n      <h4>59<\/h4>\n      <p>Nombre d\u2019immeubles<\/p>\n    <\/div>\n\n    <div class=\"comunus-card\">\n      <h4>1.8%<\/h4>\n      <p>Taux de perte sur loyer<\/p>\n    <\/div>\n\n    <div class=\"comunus-card\">\n      <h4>1\u2019120<\/h4>\n      <p>Appartements en location<\/p>\n    <\/div>\n\n    <div class=\"comunus-card\">\n      <h4>750<\/h4>\n      <p>Fortune totale (millions de CHF)<\/p>\n    <\/div>\n\n    <div class=\"comunus-card\">\n      <h4>15<\/h4>\n      <p>Revenus locatifs factur\u00e9s (millions de CHF)<\/p>\n    <\/div>\n\n    <div class=\"comunus-card\">\n      <h4>1.2%<\/h4>\n      <p>Taux moyen pond\u00e9r\u00e9 de la dette<\/p>\n    <\/div>\n\n  <\/div>\n<\/div>\n\n\n\n<p>Vous pouvez consulter le rapport semestriel 2025 (non audit\u00e9) ainsi que le Factsheet au 30.06.2025 sur notre site web, dans la section Informations investisseurs, ou directement via les liens suivants :<\/p>\n\n\n\n<p><a href=\"https:\/\/comunus.ch\/wp-content\/uploads\/2025\/08\/Rapport-Semestriel-30.06.2025_VF.pdf\" target=\"_blank\" rel=\"noreferrer noopener\">Rapport semestriel juin 2025 (non-audit\u00e9)<\/a><a href=\"https:\/\/comunus.ch\/wp-content\/uploads\/2024\/08\/Rapport-Semestriel-30.06.2024-version-finale-2.pdf\"><\/a><\/p>\n\n\n\n<p><a href=\"https:\/\/comunus.ch\/wp-content\/uploads\/2025\/08\/Fact-sheet_30-juin-2025_VFrench.pdf\" target=\"_blank\" rel=\"noreferrer noopener\">Factsheet au 30.06.2025<\/a><\/p>\n\n\n\n<p><\/p>\n","protected":false},"excerpt":{"rendered":"<p>Comunus a publi\u00e9 son rapport semestriel pour la p\u00e9riode du 31.12.2024 jusqu\u2019au 30.06.2025. Les revenus locatifs atteignent CHF 14.6 millions, [&hellip;]<\/p>\n","protected":false},"author":4,"featured_media":4754,"comment_status":"closed","ping_status":"closed","sticky":false,"template":"","format":"standard","meta":{"_acf_changed":false,"footnotes":""},"categories":[3],"tags":[],"type-of-post":[],"post-year":[95],"class_list":["post-4719","post","type-post","status-publish","format-standard","has-post-thumbnail","hentry","category-actualites","post-year-95"],"acf":[],"yoast_head":"<!-- This site is optimized with the Yoast SEO plugin v27.4 - https:\/\/yoast.com\/product\/yoast-seo-wordpress\/ -->\n<title>Publication du rapport semestriel au 30.06.2025 - Comunus<\/title>\n<meta name=\"robots\" content=\"index, follow, max-snippet:-1, max-image-preview:large, max-video-preview:-1\" \/>\n<link rel=\"canonical\" href=\"https:\/\/comunus.ch\/publication-du-rapport-semestriel-au-30-06-2025\/\" \/>\n<meta property=\"og:locale\" content=\"en_US\" \/>\n<meta property=\"og:type\" content=\"article\" \/>\n<meta property=\"og:title\" content=\"Publication du rapport semestriel au 30.06.2025 - Comunus\" \/>\n<meta property=\"og:description\" content=\"Comunus a publi\u00e9 son rapport semestriel pour la p\u00e9riode du 31.12.2024 jusqu\u2019au 30.06.2025. Les revenus locatifs atteignent CHF 14.6 millions, [&hellip;]\" \/>\n<meta property=\"og:url\" content=\"https:\/\/comunus.ch\/publication-du-rapport-semestriel-au-30-06-2025\/\" \/>\n<meta property=\"og:site_name\" content=\"Comunus\" \/>\n<meta property=\"article:published_time\" content=\"2025-08-27T13:13:27+00:00\" \/>\n<meta property=\"article:modified_time\" content=\"2025-10-05T11:41:52+00:00\" \/>\n<meta property=\"og:image\" content=\"https:\/\/comunus.ch\/wp-content\/uploads\/2025\/08\/Rapport-semestriel-2025_1.png\" \/>\n\t<meta property=\"og:image:width\" content=\"900\" \/>\n\t<meta property=\"og:image:height\" content=\"932\" \/>\n\t<meta property=\"og:image:type\" content=\"image\/png\" \/>\n<meta name=\"author\" content=\"Comunus\" \/>\n<meta name=\"twitter:card\" content=\"summary_large_image\" \/>\n<meta name=\"twitter:label1\" content=\"Written by\" \/>\n\t<meta name=\"twitter:data1\" content=\"Comunus\" \/>\n\t<meta name=\"twitter:label2\" content=\"Est. reading time\" \/>\n\t<meta name=\"twitter:data2\" content=\"2 minutes\" \/>\n<script type=\"application\/ld+json\" class=\"yoast-schema-graph\">{\"@context\":\"https:\\\/\\\/schema.org\",\"@graph\":[{\"@type\":\"Article\",\"@id\":\"https:\\\/\\\/comunus.ch\\\/publication-du-rapport-semestriel-au-30-06-2025\\\/#article\",\"isPartOf\":{\"@id\":\"https:\\\/\\\/comunus.ch\\\/publication-du-rapport-semestriel-au-30-06-2025\\\/\"},\"author\":{\"name\":\"Comunus\",\"@id\":\"https:\\\/\\\/comunus.ch\\\/#\\\/schema\\\/person\\\/09fd7208ff0bb22afaf011090845c331\"},\"headline\":\"Publication du rapport semestriel au 30.06.2025\",\"datePublished\":\"2025-08-27T13:13:27+00:00\",\"dateModified\":\"2025-10-05T11:41:52+00:00\",\"mainEntityOfPage\":{\"@id\":\"https:\\\/\\\/comunus.ch\\\/publication-du-rapport-semestriel-au-30-06-2025\\\/\"},\"wordCount\":289,\"publisher\":{\"@id\":\"https:\\\/\\\/comunus.ch\\\/#organization\"},\"image\":{\"@id\":\"https:\\\/\\\/comunus.ch\\\/publication-du-rapport-semestriel-au-30-06-2025\\\/#primaryimage\"},\"thumbnailUrl\":\"https:\\\/\\\/comunus.ch\\\/wp-content\\\/uploads\\\/2025\\\/08\\\/Rapport-semestriel-2025_1.png\",\"articleSection\":[\"Actualit\u00e9s\"],\"inLanguage\":\"en-US\"},{\"@type\":\"WebPage\",\"@id\":\"https:\\\/\\\/comunus.ch\\\/publication-du-rapport-semestriel-au-30-06-2025\\\/\",\"url\":\"https:\\\/\\\/comunus.ch\\\/publication-du-rapport-semestriel-au-30-06-2025\\\/\",\"name\":\"Publication du rapport semestriel au 30.06.2025 - Comunus\",\"isPartOf\":{\"@id\":\"https:\\\/\\\/comunus.ch\\\/#website\"},\"primaryImageOfPage\":{\"@id\":\"https:\\\/\\\/comunus.ch\\\/publication-du-rapport-semestriel-au-30-06-2025\\\/#primaryimage\"},\"image\":{\"@id\":\"https:\\\/\\\/comunus.ch\\\/publication-du-rapport-semestriel-au-30-06-2025\\\/#primaryimage\"},\"thumbnailUrl\":\"https:\\\/\\\/comunus.ch\\\/wp-content\\\/uploads\\\/2025\\\/08\\\/Rapport-semestriel-2025_1.png\",\"datePublished\":\"2025-08-27T13:13:27+00:00\",\"dateModified\":\"2025-10-05T11:41:52+00:00\",\"breadcrumb\":{\"@id\":\"https:\\\/\\\/comunus.ch\\\/publication-du-rapport-semestriel-au-30-06-2025\\\/#breadcrumb\"},\"inLanguage\":\"en-US\",\"potentialAction\":[{\"@type\":\"ReadAction\",\"target\":[\"https:\\\/\\\/comunus.ch\\\/publication-du-rapport-semestriel-au-30-06-2025\\\/\"]}]},{\"@type\":\"ImageObject\",\"inLanguage\":\"en-US\",\"@id\":\"https:\\\/\\\/comunus.ch\\\/publication-du-rapport-semestriel-au-30-06-2025\\\/#primaryimage\",\"url\":\"https:\\\/\\\/comunus.ch\\\/wp-content\\\/uploads\\\/2025\\\/08\\\/Rapport-semestriel-2025_1.png\",\"contentUrl\":\"https:\\\/\\\/comunus.ch\\\/wp-content\\\/uploads\\\/2025\\\/08\\\/Rapport-semestriel-2025_1.png\",\"width\":900,\"height\":932},{\"@type\":\"BreadcrumbList\",\"@id\":\"https:\\\/\\\/comunus.ch\\\/publication-du-rapport-semestriel-au-30-06-2025\\\/#breadcrumb\",\"itemListElement\":[{\"@type\":\"ListItem\",\"position\":1,\"name\":\"Home\",\"item\":\"https:\\\/\\\/comunus.ch\\\/en\\\/\"},{\"@type\":\"ListItem\",\"position\":2,\"name\":\"Publication du rapport semestriel au 30.06.2025\"}]},{\"@type\":\"WebSite\",\"@id\":\"https:\\\/\\\/comunus.ch\\\/#website\",\"url\":\"https:\\\/\\\/comunus.ch\\\/\",\"name\":\"Comunus\",\"description\":\"Fonds pour investisseurs qualifi\u00e9s\",\"publisher\":{\"@id\":\"https:\\\/\\\/comunus.ch\\\/#organization\"},\"potentialAction\":[{\"@type\":\"SearchAction\",\"target\":{\"@type\":\"EntryPoint\",\"urlTemplate\":\"https:\\\/\\\/comunus.ch\\\/?s={search_term_string}\"},\"query-input\":{\"@type\":\"PropertyValueSpecification\",\"valueRequired\":true,\"valueName\":\"search_term_string\"}}],\"inLanguage\":\"en-US\"},{\"@type\":\"Organization\",\"@id\":\"https:\\\/\\\/comunus.ch\\\/#organization\",\"name\":\"Comunus\",\"url\":\"https:\\\/\\\/comunus.ch\\\/\",\"logo\":{\"@type\":\"ImageObject\",\"inLanguage\":\"en-US\",\"@id\":\"https:\\\/\\\/comunus.ch\\\/#\\\/schema\\\/logo\\\/image\\\/\",\"url\":\"https:\\\/\\\/comunus.ch\\\/wp-content\\\/uploads\\\/2023\\\/07\\\/logo-comunus.svg\",\"contentUrl\":\"https:\\\/\\\/comunus.ch\\\/wp-content\\\/uploads\\\/2023\\\/07\\\/logo-comunus.svg\",\"width\":190,\"height\":26,\"caption\":\"Comunus\"},\"image\":{\"@id\":\"https:\\\/\\\/comunus.ch\\\/#\\\/schema\\\/logo\\\/image\\\/\"}},{\"@type\":\"Person\",\"@id\":\"https:\\\/\\\/comunus.ch\\\/#\\\/schema\\\/person\\\/09fd7208ff0bb22afaf011090845c331\",\"name\":\"Comunus\",\"image\":{\"@type\":\"ImageObject\",\"inLanguage\":\"en-US\",\"@id\":\"https:\\\/\\\/secure.gravatar.com\\\/avatar\\\/22a43bcdb37518e1004920f2e42ae92c2744ff38ba3a5b194cdcd23c842ba884?s=96&d=mm&r=g\",\"url\":\"https:\\\/\\\/secure.gravatar.com\\\/avatar\\\/22a43bcdb37518e1004920f2e42ae92c2744ff38ba3a5b194cdcd23c842ba884?s=96&d=mm&r=g\",\"contentUrl\":\"https:\\\/\\\/secure.gravatar.com\\\/avatar\\\/22a43bcdb37518e1004920f2e42ae92c2744ff38ba3a5b194cdcd23c842ba884?s=96&d=mm&r=g\",\"caption\":\"Comunus\"},\"url\":\"https:\\\/\\\/comunus.ch\\\/en\\\/author\\\/editeurcomunus\\\/\"}]}<\/script>\n<!-- \/ Yoast SEO plugin. -->","yoast_head_json":{"title":"Publication du rapport semestriel au 30.06.2025 - Comunus","robots":{"index":"index","follow":"follow","max-snippet":"max-snippet:-1","max-image-preview":"max-image-preview:large","max-video-preview":"max-video-preview:-1"},"canonical":"https:\/\/comunus.ch\/publication-du-rapport-semestriel-au-30-06-2025\/","og_locale":"en_US","og_type":"article","og_title":"Publication du rapport semestriel au 30.06.2025 - Comunus","og_description":"Comunus a publi\u00e9 son rapport semestriel pour la p\u00e9riode du 31.12.2024 jusqu\u2019au 30.06.2025. Les revenus locatifs atteignent CHF 14.6 millions, [&hellip;]","og_url":"https:\/\/comunus.ch\/publication-du-rapport-semestriel-au-30-06-2025\/","og_site_name":"Comunus","article_published_time":"2025-08-27T13:13:27+00:00","article_modified_time":"2025-10-05T11:41:52+00:00","og_image":[{"width":900,"height":932,"url":"https:\/\/comunus.ch\/wp-content\/uploads\/2025\/08\/Rapport-semestriel-2025_1.png","type":"image\/png"}],"author":"Comunus","twitter_card":"summary_large_image","twitter_misc":{"Written by":"Comunus","Est. reading time":"2 minutes"},"schema":{"@context":"https:\/\/schema.org","@graph":[{"@type":"Article","@id":"https:\/\/comunus.ch\/publication-du-rapport-semestriel-au-30-06-2025\/#article","isPartOf":{"@id":"https:\/\/comunus.ch\/publication-du-rapport-semestriel-au-30-06-2025\/"},"author":{"name":"Comunus","@id":"https:\/\/comunus.ch\/#\/schema\/person\/09fd7208ff0bb22afaf011090845c331"},"headline":"Publication du rapport semestriel au 30.06.2025","datePublished":"2025-08-27T13:13:27+00:00","dateModified":"2025-10-05T11:41:52+00:00","mainEntityOfPage":{"@id":"https:\/\/comunus.ch\/publication-du-rapport-semestriel-au-30-06-2025\/"},"wordCount":289,"publisher":{"@id":"https:\/\/comunus.ch\/#organization"},"image":{"@id":"https:\/\/comunus.ch\/publication-du-rapport-semestriel-au-30-06-2025\/#primaryimage"},"thumbnailUrl":"https:\/\/comunus.ch\/wp-content\/uploads\/2025\/08\/Rapport-semestriel-2025_1.png","articleSection":["Actualit\u00e9s"],"inLanguage":"en-US"},{"@type":"WebPage","@id":"https:\/\/comunus.ch\/publication-du-rapport-semestriel-au-30-06-2025\/","url":"https:\/\/comunus.ch\/publication-du-rapport-semestriel-au-30-06-2025\/","name":"Publication du rapport semestriel au 30.06.2025 - Comunus","isPartOf":{"@id":"https:\/\/comunus.ch\/#website"},"primaryImageOfPage":{"@id":"https:\/\/comunus.ch\/publication-du-rapport-semestriel-au-30-06-2025\/#primaryimage"},"image":{"@id":"https:\/\/comunus.ch\/publication-du-rapport-semestriel-au-30-06-2025\/#primaryimage"},"thumbnailUrl":"https:\/\/comunus.ch\/wp-content\/uploads\/2025\/08\/Rapport-semestriel-2025_1.png","datePublished":"2025-08-27T13:13:27+00:00","dateModified":"2025-10-05T11:41:52+00:00","breadcrumb":{"@id":"https:\/\/comunus.ch\/publication-du-rapport-semestriel-au-30-06-2025\/#breadcrumb"},"inLanguage":"en-US","potentialAction":[{"@type":"ReadAction","target":["https:\/\/comunus.ch\/publication-du-rapport-semestriel-au-30-06-2025\/"]}]},{"@type":"ImageObject","inLanguage":"en-US","@id":"https:\/\/comunus.ch\/publication-du-rapport-semestriel-au-30-06-2025\/#primaryimage","url":"https:\/\/comunus.ch\/wp-content\/uploads\/2025\/08\/Rapport-semestriel-2025_1.png","contentUrl":"https:\/\/comunus.ch\/wp-content\/uploads\/2025\/08\/Rapport-semestriel-2025_1.png","width":900,"height":932},{"@type":"BreadcrumbList","@id":"https:\/\/comunus.ch\/publication-du-rapport-semestriel-au-30-06-2025\/#breadcrumb","itemListElement":[{"@type":"ListItem","position":1,"name":"Home","item":"https:\/\/comunus.ch\/en\/"},{"@type":"ListItem","position":2,"name":"Publication du rapport semestriel au 30.06.2025"}]},{"@type":"WebSite","@id":"https:\/\/comunus.ch\/#website","url":"https:\/\/comunus.ch\/","name":"Comunus","description":"Fonds pour investisseurs qualifi\u00e9s","publisher":{"@id":"https:\/\/comunus.ch\/#organization"},"potentialAction":[{"@type":"SearchAction","target":{"@type":"EntryPoint","urlTemplate":"https:\/\/comunus.ch\/?s={search_term_string}"},"query-input":{"@type":"PropertyValueSpecification","valueRequired":true,"valueName":"search_term_string"}}],"inLanguage":"en-US"},{"@type":"Organization","@id":"https:\/\/comunus.ch\/#organization","name":"Comunus","url":"https:\/\/comunus.ch\/","logo":{"@type":"ImageObject","inLanguage":"en-US","@id":"https:\/\/comunus.ch\/#\/schema\/logo\/image\/","url":"https:\/\/comunus.ch\/wp-content\/uploads\/2023\/07\/logo-comunus.svg","contentUrl":"https:\/\/comunus.ch\/wp-content\/uploads\/2023\/07\/logo-comunus.svg","width":190,"height":26,"caption":"Comunus"},"image":{"@id":"https:\/\/comunus.ch\/#\/schema\/logo\/image\/"}},{"@type":"Person","@id":"https:\/\/comunus.ch\/#\/schema\/person\/09fd7208ff0bb22afaf011090845c331","name":"Comunus","image":{"@type":"ImageObject","inLanguage":"en-US","@id":"https:\/\/secure.gravatar.com\/avatar\/22a43bcdb37518e1004920f2e42ae92c2744ff38ba3a5b194cdcd23c842ba884?s=96&d=mm&r=g","url":"https:\/\/secure.gravatar.com\/avatar\/22a43bcdb37518e1004920f2e42ae92c2744ff38ba3a5b194cdcd23c842ba884?s=96&d=mm&r=g","contentUrl":"https:\/\/secure.gravatar.com\/avatar\/22a43bcdb37518e1004920f2e42ae92c2744ff38ba3a5b194cdcd23c842ba884?s=96&d=mm&r=g","caption":"Comunus"},"url":"https:\/\/comunus.ch\/en\/author\/editeurcomunus\/"}]}},"_links":{"self":[{"href":"https:\/\/comunus.ch\/en\/wp-json\/wp\/v2\/posts\/4719","targetHints":{"allow":["GET"]}}],"collection":[{"href":"https:\/\/comunus.ch\/en\/wp-json\/wp\/v2\/posts"}],"about":[{"href":"https:\/\/comunus.ch\/en\/wp-json\/wp\/v2\/types\/post"}],"author":[{"embeddable":true,"href":"https:\/\/comunus.ch\/en\/wp-json\/wp\/v2\/users\/4"}],"replies":[{"embeddable":true,"href":"https:\/\/comunus.ch\/en\/wp-json\/wp\/v2\/comments?post=4719"}],"version-history":[{"count":15,"href":"https:\/\/comunus.ch\/en\/wp-json\/wp\/v2\/posts\/4719\/revisions"}],"predecessor-version":[{"id":4758,"href":"https:\/\/comunus.ch\/en\/wp-json\/wp\/v2\/posts\/4719\/revisions\/4758"}],"wp:featuredmedia":[{"embeddable":true,"href":"https:\/\/comunus.ch\/en\/wp-json\/wp\/v2\/media\/4754"}],"wp:attachment":[{"href":"https:\/\/comunus.ch\/en\/wp-json\/wp\/v2\/media?parent=4719"}],"wp:term":[{"taxonomy":"category","embeddable":true,"href":"https:\/\/comunus.ch\/en\/wp-json\/wp\/v2\/categories?post=4719"},{"taxonomy":"post_tag","embeddable":true,"href":"https:\/\/comunus.ch\/en\/wp-json\/wp\/v2\/tags?post=4719"},{"taxonomy":"type-of-post","embeddable":true,"href":"https:\/\/comunus.ch\/en\/wp-json\/wp\/v2\/type-of-post?post=4719"},{"taxonomy":"post-year","embeddable":true,"href":"https:\/\/comunus.ch\/en\/wp-json\/wp\/v2\/post-year?post=4719"}],"curies":[{"name":"wp","href":"https:\/\/api.w.org\/{rel}","templated":true}]}}