{"id":60,"date":"2023-03-21T13:50:00","date_gmt":"2023-03-21T12:50:00","guid":{"rendered":"https:\/\/comunus.ch\/?p=60"},"modified":"2025-10-05T13:40:12","modified_gmt":"2025-10-05T11:40:12","slug":"actu-01","status":"publish","type":"post","link":"https:\/\/comunus.ch\/de\/actu-01\/","title":{"rendered":"Comunus SICAV a termin\u00e9 l\u2019exercice 2022 avec un r\u00e9sultat en nette hausse."},"content":{"rendered":"\n<p>La fortune totale du fonds a augment\u00e9 de CHF 88,3 millions pour atteindre CHF 495,1 millions avec l\u2019acquisition de nouveaux objets et la cr\u00e9ation de valeur sur les existants.<\/p>\n\n\n\n<p>Le travail de valorisation du parc effectu\u00e9 ces derni\u00e8res ann\u00e9es a permis, notamment via la vente d\u2019immeubles cibl\u00e9s, de g\u00e9n\u00e9rer un r\u00e9sultat r\u00e9alis\u00e9 de CHF 32,1 millions (2021 : CHF 3,8 millions) et d\u2019offrir un rendement de distribution de 4,23%.<\/p>\n\n\n\n<p><\/p>\n","protected":false},"excerpt":{"rendered":"<p>La fortune totale du fonds a augment\u00e9 de CHF 88,3 millions pour atteindre CHF 495,1 millions avec l\u2019acquisition de nouveaux [&hellip;]<\/p>\n","protected":false},"author":1,"featured_media":2808,"comment_status":"closed","ping_status":"closed","sticky":false,"template":"","format":"standard","meta":{"_acf_changed":false,"footnotes":""},"categories":[3],"tags":[],"type-of-post":[],"post-year":[97],"class_list":["post-60","post","type-post","status-publish","format-standard","has-post-thumbnail","hentry","category-actualites","post-year-97"],"acf":[],"yoast_head":"<!-- This site is optimized with the Yoast SEO plugin v27.4 - https:\/\/yoast.com\/product\/yoast-seo-wordpress\/ -->\n<title>Comunus SICAV a termin\u00e9 l\u2019exercice 2022 avec un r\u00e9sultat en nette hausse. - Comunus<\/title>\n<meta name=\"robots\" content=\"index, follow, max-snippet:-1, max-image-preview:large, max-video-preview:-1\" \/>\n<link rel=\"canonical\" href=\"https:\/\/comunus.ch\/actu-01\/\" \/>\n<meta property=\"og:locale\" content=\"de_DE\" \/>\n<meta property=\"og:type\" content=\"article\" \/>\n<meta property=\"og:title\" content=\"Comunus SICAV a termin\u00e9 l\u2019exercice 2022 avec un r\u00e9sultat en nette hausse. - Comunus\" \/>\n<meta property=\"og:description\" content=\"La fortune totale du fonds a augment\u00e9 de CHF 88,3 millions pour atteindre CHF 495,1 millions avec l\u2019acquisition de nouveaux [&hellip;]\" \/>\n<meta property=\"og:url\" content=\"https:\/\/comunus.ch\/actu-01\/\" \/>\n<meta property=\"og:site_name\" content=\"Comunus\" \/>\n<meta property=\"article:published_time\" content=\"2023-03-21T12:50:00+00:00\" \/>\n<meta property=\"article:modified_time\" content=\"2025-10-05T11:40:12+00:00\" \/>\n<meta property=\"og:image\" content=\"https:\/\/comunus.ch\/wp-content\/uploads\/2023\/07\/Actu_Resultat.jpg\" \/>\n\t<meta property=\"og:image:width\" content=\"1024\" \/>\n\t<meta property=\"og:image:height\" content=\"683\" \/>\n\t<meta property=\"og:image:type\" content=\"image\/jpeg\" \/>\n<meta name=\"author\" content=\"blossom-dev\" \/>\n<meta name=\"twitter:card\" content=\"summary_large_image\" \/>\n<meta name=\"twitter:label1\" content=\"Verfasst von\" \/>\n\t<meta name=\"twitter:data1\" content=\"blossom-dev\" \/>\n<script type=\"application\/ld+json\" class=\"yoast-schema-graph\">{\"@context\":\"https:\\\/\\\/schema.org\",\"@graph\":[{\"@type\":\"Article\",\"@id\":\"https:\\\/\\\/comunus.ch\\\/actu-01\\\/#article\",\"isPartOf\":{\"@id\":\"https:\\\/\\\/comunus.ch\\\/actu-01\\\/\"},\"author\":{\"name\":\"blossom-dev\",\"@id\":\"https:\\\/\\\/comunus.ch\\\/#\\\/schema\\\/person\\\/d8791277f37079a00ea7b2659881af5c\"},\"headline\":\"Comunus SICAV a termin\u00e9 l\u2019exercice 2022 avec un r\u00e9sultat en nette hausse.\",\"datePublished\":\"2023-03-21T12:50:00+00:00\",\"dateModified\":\"2025-10-05T11:40:12+00:00\",\"mainEntityOfPage\":{\"@id\":\"https:\\\/\\\/comunus.ch\\\/actu-01\\\/\"},\"wordCount\":86,\"publisher\":{\"@id\":\"https:\\\/\\\/comunus.ch\\\/#organization\"},\"image\":{\"@id\":\"https:\\\/\\\/comunus.ch\\\/actu-01\\\/#primaryimage\"},\"thumbnailUrl\":\"https:\\\/\\\/comunus.ch\\\/wp-content\\\/uploads\\\/2023\\\/07\\\/Actu_Resultat.jpg\",\"articleSection\":[\"Actualit\u00e9s\"],\"inLanguage\":\"de\"},{\"@type\":\"WebPage\",\"@id\":\"https:\\\/\\\/comunus.ch\\\/actu-01\\\/\",\"url\":\"https:\\\/\\\/comunus.ch\\\/actu-01\\\/\",\"name\":\"Comunus SICAV a termin\u00e9 l\u2019exercice 2022 avec un r\u00e9sultat en nette hausse. - Comunus\",\"isPartOf\":{\"@id\":\"https:\\\/\\\/comunus.ch\\\/#website\"},\"primaryImageOfPage\":{\"@id\":\"https:\\\/\\\/comunus.ch\\\/actu-01\\\/#primaryimage\"},\"image\":{\"@id\":\"https:\\\/\\\/comunus.ch\\\/actu-01\\\/#primaryimage\"},\"thumbnailUrl\":\"https:\\\/\\\/comunus.ch\\\/wp-content\\\/uploads\\\/2023\\\/07\\\/Actu_Resultat.jpg\",\"datePublished\":\"2023-03-21T12:50:00+00:00\",\"dateModified\":\"2025-10-05T11:40:12+00:00\",\"breadcrumb\":{\"@id\":\"https:\\\/\\\/comunus.ch\\\/actu-01\\\/#breadcrumb\"},\"inLanguage\":\"de\",\"potentialAction\":[{\"@type\":\"ReadAction\",\"target\":[\"https:\\\/\\\/comunus.ch\\\/actu-01\\\/\"]}]},{\"@type\":\"ImageObject\",\"inLanguage\":\"de\",\"@id\":\"https:\\\/\\\/comunus.ch\\\/actu-01\\\/#primaryimage\",\"url\":\"https:\\\/\\\/comunus.ch\\\/wp-content\\\/uploads\\\/2023\\\/07\\\/Actu_Resultat.jpg\",\"contentUrl\":\"https:\\\/\\\/comunus.ch\\\/wp-content\\\/uploads\\\/2023\\\/07\\\/Actu_Resultat.jpg\",\"width\":1024,\"height\":683},{\"@type\":\"BreadcrumbList\",\"@id\":\"https:\\\/\\\/comunus.ch\\\/actu-01\\\/#breadcrumb\",\"itemListElement\":[{\"@type\":\"ListItem\",\"position\":1,\"name\":\"Home\",\"item\":\"https:\\\/\\\/comunus.ch\\\/de\\\/\"},{\"@type\":\"ListItem\",\"position\":2,\"name\":\"Comunus SICAV a termin\u00e9 l\u2019exercice 2022 avec un r\u00e9sultat en nette hausse.\"}]},{\"@type\":\"WebSite\",\"@id\":\"https:\\\/\\\/comunus.ch\\\/#website\",\"url\":\"https:\\\/\\\/comunus.ch\\\/\",\"name\":\"Comunus\",\"description\":\"Fonds pour investisseurs qualifi\u00e9s\",\"publisher\":{\"@id\":\"https:\\\/\\\/comunus.ch\\\/#organization\"},\"potentialAction\":[{\"@type\":\"SearchAction\",\"target\":{\"@type\":\"EntryPoint\",\"urlTemplate\":\"https:\\\/\\\/comunus.ch\\\/?s={search_term_string}\"},\"query-input\":{\"@type\":\"PropertyValueSpecification\",\"valueRequired\":true,\"valueName\":\"search_term_string\"}}],\"inLanguage\":\"de\"},{\"@type\":\"Organization\",\"@id\":\"https:\\\/\\\/comunus.ch\\\/#organization\",\"name\":\"Comunus\",\"url\":\"https:\\\/\\\/comunus.ch\\\/\",\"logo\":{\"@type\":\"ImageObject\",\"inLanguage\":\"de\",\"@id\":\"https:\\\/\\\/comunus.ch\\\/#\\\/schema\\\/logo\\\/image\\\/\",\"url\":\"https:\\\/\\\/comunus.ch\\\/wp-content\\\/uploads\\\/2023\\\/07\\\/logo-comunus.svg\",\"contentUrl\":\"https:\\\/\\\/comunus.ch\\\/wp-content\\\/uploads\\\/2023\\\/07\\\/logo-comunus.svg\",\"width\":190,\"height\":26,\"caption\":\"Comunus\"},\"image\":{\"@id\":\"https:\\\/\\\/comunus.ch\\\/#\\\/schema\\\/logo\\\/image\\\/\"}},{\"@type\":\"Person\",\"@id\":\"https:\\\/\\\/comunus.ch\\\/#\\\/schema\\\/person\\\/d8791277f37079a00ea7b2659881af5c\",\"name\":\"blossom-dev\",\"image\":{\"@type\":\"ImageObject\",\"inLanguage\":\"de\",\"@id\":\"https:\\\/\\\/secure.gravatar.com\\\/avatar\\\/be08f06ab03567daa73952fd7ec274f6f7e4d895089f1e9921e1c1a1d6e095b9?s=96&d=mm&r=g\",\"url\":\"https:\\\/\\\/secure.gravatar.com\\\/avatar\\\/be08f06ab03567daa73952fd7ec274f6f7e4d895089f1e9921e1c1a1d6e095b9?s=96&d=mm&r=g\",\"contentUrl\":\"https:\\\/\\\/secure.gravatar.com\\\/avatar\\\/be08f06ab03567daa73952fd7ec274f6f7e4d895089f1e9921e1c1a1d6e095b9?s=96&d=mm&r=g\",\"caption\":\"blossom-dev\"},\"sameAs\":[\"https:\\\/\\\/comunus.ch\"],\"url\":\"https:\\\/\\\/comunus.ch\\\/de\\\/author\\\/devsector\\\/\"}]}<\/script>\n<!-- \/ Yoast SEO plugin. -->","yoast_head_json":{"title":"Comunus SICAV a termin\u00e9 l\u2019exercice 2022 avec un r\u00e9sultat en nette hausse. - Comunus","robots":{"index":"index","follow":"follow","max-snippet":"max-snippet:-1","max-image-preview":"max-image-preview:large","max-video-preview":"max-video-preview:-1"},"canonical":"https:\/\/comunus.ch\/actu-01\/","og_locale":"de_DE","og_type":"article","og_title":"Comunus SICAV a termin\u00e9 l\u2019exercice 2022 avec un r\u00e9sultat en nette hausse. - Comunus","og_description":"La fortune totale du fonds a augment\u00e9 de CHF 88,3 millions pour atteindre CHF 495,1 millions avec l\u2019acquisition de nouveaux [&hellip;]","og_url":"https:\/\/comunus.ch\/actu-01\/","og_site_name":"Comunus","article_published_time":"2023-03-21T12:50:00+00:00","article_modified_time":"2025-10-05T11:40:12+00:00","og_image":[{"width":1024,"height":683,"url":"https:\/\/comunus.ch\/wp-content\/uploads\/2023\/07\/Actu_Resultat.jpg","type":"image\/jpeg"}],"author":"blossom-dev","twitter_card":"summary_large_image","twitter_misc":{"Verfasst von":"blossom-dev"},"schema":{"@context":"https:\/\/schema.org","@graph":[{"@type":"Article","@id":"https:\/\/comunus.ch\/actu-01\/#article","isPartOf":{"@id":"https:\/\/comunus.ch\/actu-01\/"},"author":{"name":"blossom-dev","@id":"https:\/\/comunus.ch\/#\/schema\/person\/d8791277f37079a00ea7b2659881af5c"},"headline":"Comunus SICAV a termin\u00e9 l\u2019exercice 2022 avec un r\u00e9sultat en nette hausse.","datePublished":"2023-03-21T12:50:00+00:00","dateModified":"2025-10-05T11:40:12+00:00","mainEntityOfPage":{"@id":"https:\/\/comunus.ch\/actu-01\/"},"wordCount":86,"publisher":{"@id":"https:\/\/comunus.ch\/#organization"},"image":{"@id":"https:\/\/comunus.ch\/actu-01\/#primaryimage"},"thumbnailUrl":"https:\/\/comunus.ch\/wp-content\/uploads\/2023\/07\/Actu_Resultat.jpg","articleSection":["Actualit\u00e9s"],"inLanguage":"de"},{"@type":"WebPage","@id":"https:\/\/comunus.ch\/actu-01\/","url":"https:\/\/comunus.ch\/actu-01\/","name":"Comunus SICAV a termin\u00e9 l\u2019exercice 2022 avec un r\u00e9sultat en nette hausse. - Comunus","isPartOf":{"@id":"https:\/\/comunus.ch\/#website"},"primaryImageOfPage":{"@id":"https:\/\/comunus.ch\/actu-01\/#primaryimage"},"image":{"@id":"https:\/\/comunus.ch\/actu-01\/#primaryimage"},"thumbnailUrl":"https:\/\/comunus.ch\/wp-content\/uploads\/2023\/07\/Actu_Resultat.jpg","datePublished":"2023-03-21T12:50:00+00:00","dateModified":"2025-10-05T11:40:12+00:00","breadcrumb":{"@id":"https:\/\/comunus.ch\/actu-01\/#breadcrumb"},"inLanguage":"de","potentialAction":[{"@type":"ReadAction","target":["https:\/\/comunus.ch\/actu-01\/"]}]},{"@type":"ImageObject","inLanguage":"de","@id":"https:\/\/comunus.ch\/actu-01\/#primaryimage","url":"https:\/\/comunus.ch\/wp-content\/uploads\/2023\/07\/Actu_Resultat.jpg","contentUrl":"https:\/\/comunus.ch\/wp-content\/uploads\/2023\/07\/Actu_Resultat.jpg","width":1024,"height":683},{"@type":"BreadcrumbList","@id":"https:\/\/comunus.ch\/actu-01\/#breadcrumb","itemListElement":[{"@type":"ListItem","position":1,"name":"Home","item":"https:\/\/comunus.ch\/de\/"},{"@type":"ListItem","position":2,"name":"Comunus SICAV a termin\u00e9 l\u2019exercice 2022 avec un r\u00e9sultat en nette hausse."}]},{"@type":"WebSite","@id":"https:\/\/comunus.ch\/#website","url":"https:\/\/comunus.ch\/","name":"Comunus","description":"Fonds pour investisseurs qualifi\u00e9s","publisher":{"@id":"https:\/\/comunus.ch\/#organization"},"potentialAction":[{"@type":"SearchAction","target":{"@type":"EntryPoint","urlTemplate":"https:\/\/comunus.ch\/?s={search_term_string}"},"query-input":{"@type":"PropertyValueSpecification","valueRequired":true,"valueName":"search_term_string"}}],"inLanguage":"de"},{"@type":"Organization","@id":"https:\/\/comunus.ch\/#organization","name":"Comunus","url":"https:\/\/comunus.ch\/","logo":{"@type":"ImageObject","inLanguage":"de","@id":"https:\/\/comunus.ch\/#\/schema\/logo\/image\/","url":"https:\/\/comunus.ch\/wp-content\/uploads\/2023\/07\/logo-comunus.svg","contentUrl":"https:\/\/comunus.ch\/wp-content\/uploads\/2023\/07\/logo-comunus.svg","width":190,"height":26,"caption":"Comunus"},"image":{"@id":"https:\/\/comunus.ch\/#\/schema\/logo\/image\/"}},{"@type":"Person","@id":"https:\/\/comunus.ch\/#\/schema\/person\/d8791277f37079a00ea7b2659881af5c","name":"blossom-dev","image":{"@type":"ImageObject","inLanguage":"de","@id":"https:\/\/secure.gravatar.com\/avatar\/be08f06ab03567daa73952fd7ec274f6f7e4d895089f1e9921e1c1a1d6e095b9?s=96&d=mm&r=g","url":"https:\/\/secure.gravatar.com\/avatar\/be08f06ab03567daa73952fd7ec274f6f7e4d895089f1e9921e1c1a1d6e095b9?s=96&d=mm&r=g","contentUrl":"https:\/\/secure.gravatar.com\/avatar\/be08f06ab03567daa73952fd7ec274f6f7e4d895089f1e9921e1c1a1d6e095b9?s=96&d=mm&r=g","caption":"blossom-dev"},"sameAs":["https:\/\/comunus.ch"],"url":"https:\/\/comunus.ch\/de\/author\/devsector\/"}]}},"_links":{"self":[{"href":"https:\/\/comunus.ch\/de\/wp-json\/wp\/v2\/posts\/60","targetHints":{"allow":["GET"]}}],"collection":[{"href":"https:\/\/comunus.ch\/de\/wp-json\/wp\/v2\/posts"}],"about":[{"href":"https:\/\/comunus.ch\/de\/wp-json\/wp\/v2\/types\/post"}],"author":[{"embeddable":true,"href":"https:\/\/comunus.ch\/de\/wp-json\/wp\/v2\/users\/1"}],"replies":[{"embeddable":true,"href":"https:\/\/comunus.ch\/de\/wp-json\/wp\/v2\/comments?post=60"}],"version-history":[{"count":5,"href":"https:\/\/comunus.ch\/de\/wp-json\/wp\/v2\/posts\/60\/revisions"}],"predecessor-version":[{"id":4900,"href":"https:\/\/comunus.ch\/de\/wp-json\/wp\/v2\/posts\/60\/revisions\/4900"}],"wp:featuredmedia":[{"embeddable":true,"href":"https:\/\/comunus.ch\/de\/wp-json\/wp\/v2\/media\/2808"}],"wp:attachment":[{"href":"https:\/\/comunus.ch\/de\/wp-json\/wp\/v2\/media?parent=60"}],"wp:term":[{"taxonomy":"category","embeddable":true,"href":"https:\/\/comunus.ch\/de\/wp-json\/wp\/v2\/categories?post=60"},{"taxonomy":"post_tag","embeddable":true,"href":"https:\/\/comunus.ch\/de\/wp-json\/wp\/v2\/tags?post=60"},{"taxonomy":"type-of-post","embeddable":true,"href":"https:\/\/comunus.ch\/de\/wp-json\/wp\/v2\/type-of-post?post=60"},{"taxonomy":"post-year","embeddable":true,"href":"https:\/\/comunus.ch\/de\/wp-json\/wp\/v2\/post-year?post=60"}],"curies":[{"name":"wp","href":"https:\/\/api.w.org\/{rel}","templated":true}]}}