{"id":5575,"date":"2026-03-31T17:41:43","date_gmt":"2026-03-31T15:41:43","guid":{"rendered":"https:\/\/comunus.ch\/?p=5575"},"modified":"2026-04-01T10:39:46","modified_gmt":"2026-04-01T08:39:46","slug":"augmentation-de-capital-reussie-avril-2026","status":"publish","type":"post","link":"https:\/\/comunus.ch\/de\/augmentation-de-capital-reussie-avril-2026\/","title":{"rendered":"Augmentation de capital r\u00e9ussie \u2013 Avril 2026"},"content":{"rendered":"\n<p>L\u2019augmentation de capital qui s\u2019est cl\u00f4tur\u00e9e le 27 mars 2026 a \u00e9t\u00e9 enti\u00e8rement souscrite. Cette nouvelle lev\u00e9e de fonds a permis d\u2019\u00e9mettre 462\u2019205 nouvelles actions portant le total d\u2019actions en circulation \u00e0 4\u2019159\u2019846. Le volume total de l\u2019\u00e9mission est de CHF 82.7 mios<strong>. <\/strong>Les nouvelles actions seront lib\u00e9r\u00e9es le 2 avril 2026.<\/p>\n\n\n\n<p>Le produit de l\u2019\u00e9mission est destin\u00e9 \u00e0 financer 7 nouveaux objets r\u00e9sidentiels situ\u00e9s essentiellement sur l\u2019arc l\u00e9manique ainsi qu\u2019\u00e0 r\u00e9duire le taux d\u2019endettement.<\/p>\n\n\n\n<p><em>Strat\u00e9gie d\u2019investissement de Comunus SICAV<\/em><\/p>\n\n\n\n<p><em>La SICAV focalise les investissements sur des immeubles r\u00e9sidentiels et mixtes, situ\u00e9s dans des centres urbains et avec potentiel de r\u00e9novation g\u00e9n\u00e9rant une croissance r\u00e9guli\u00e8re des revenus ainsi que la vente d\u2019immeubles transform\u00e9s ou am\u00e9lior\u00e9s permettant d\u2019engendrer des gains en capitaux pour les actionnaires.<\/em><\/p>\n\n\n\n<p><\/p>\n","protected":false},"excerpt":{"rendered":"<p>L\u2019augmentation de capital qui s\u2019est cl\u00f4tur\u00e9e le 27 mars 2026 a \u00e9t\u00e9 enti\u00e8rement souscrite. Cette nouvelle lev\u00e9e de fonds a [&hellip;]<\/p>\n","protected":false},"author":4,"featured_media":5583,"comment_status":"closed","ping_status":"closed","sticky":false,"template":"","format":"standard","meta":{"_acf_changed":false,"footnotes":""},"categories":[3],"tags":[],"type-of-post":[89],"post-year":[99],"class_list":["post-5575","post","type-post","status-publish","format-standard","has-post-thumbnail","hentry","category-actualites","type-of-post-annonce-de-publicite-evenementielle-selon-lart-53-rc","post-year-99"],"acf":[],"yoast_head":"<!-- This site is optimized with the Yoast SEO plugin v27.4 - https:\/\/yoast.com\/product\/yoast-seo-wordpress\/ -->\n<title>Augmentation de capital r\u00e9ussie \u2013 Avril 2026 - Comunus<\/title>\n<meta name=\"robots\" content=\"index, follow, max-snippet:-1, max-image-preview:large, max-video-preview:-1\" \/>\n<link rel=\"canonical\" href=\"https:\/\/comunus.ch\/augmentation-de-capital-reussie-avril-2026\/\" \/>\n<meta property=\"og:locale\" content=\"de_DE\" \/>\n<meta property=\"og:type\" content=\"article\" \/>\n<meta property=\"og:title\" content=\"Augmentation de capital r\u00e9ussie \u2013 Avril 2026 - Comunus\" \/>\n<meta property=\"og:description\" content=\"L\u2019augmentation de capital qui s\u2019est cl\u00f4tur\u00e9e le 27 mars 2026 a \u00e9t\u00e9 enti\u00e8rement souscrite. Cette nouvelle lev\u00e9e de fonds a [&hellip;]\" \/>\n<meta property=\"og:url\" content=\"https:\/\/comunus.ch\/augmentation-de-capital-reussie-avril-2026\/\" \/>\n<meta property=\"og:site_name\" content=\"Comunus\" \/>\n<meta property=\"article:published_time\" content=\"2026-03-31T15:41:43+00:00\" \/>\n<meta property=\"article:modified_time\" content=\"2026-04-01T08:39:46+00:00\" \/>\n<meta property=\"og:image\" content=\"https:\/\/comunus.ch\/wp-content\/uploads\/2026\/04\/Post_Linkedin_01-04-2026.jpg\" \/>\n\t<meta property=\"og:image:width\" content=\"1678\" \/>\n\t<meta property=\"og:image:height\" content=\"945\" \/>\n\t<meta property=\"og:image:type\" content=\"image\/jpeg\" \/>\n<meta name=\"author\" content=\"Comunus\" \/>\n<meta name=\"twitter:card\" content=\"summary_large_image\" \/>\n<meta name=\"twitter:label1\" content=\"Verfasst von\" \/>\n\t<meta name=\"twitter:data1\" content=\"Comunus\" \/>\n\t<meta name=\"twitter:label2\" content=\"Gesch\u00e4tzte Lesezeit\" \/>\n\t<meta name=\"twitter:data2\" content=\"1\u00a0Minute\" \/>\n<script type=\"application\/ld+json\" class=\"yoast-schema-graph\">{\"@context\":\"https:\\\/\\\/schema.org\",\"@graph\":[{\"@type\":\"Article\",\"@id\":\"https:\\\/\\\/comunus.ch\\\/augmentation-de-capital-reussie-avril-2026\\\/#article\",\"isPartOf\":{\"@id\":\"https:\\\/\\\/comunus.ch\\\/augmentation-de-capital-reussie-avril-2026\\\/\"},\"author\":{\"name\":\"Comunus\",\"@id\":\"https:\\\/\\\/comunus.ch\\\/#\\\/schema\\\/person\\\/09fd7208ff0bb22afaf011090845c331\"},\"headline\":\"Augmentation de capital r\u00e9ussie \u2013 Avril 2026\",\"datePublished\":\"2026-03-31T15:41:43+00:00\",\"dateModified\":\"2026-04-01T08:39:46+00:00\",\"mainEntityOfPage\":{\"@id\":\"https:\\\/\\\/comunus.ch\\\/augmentation-de-capital-reussie-avril-2026\\\/\"},\"wordCount\":152,\"publisher\":{\"@id\":\"https:\\\/\\\/comunus.ch\\\/#organization\"},\"image\":{\"@id\":\"https:\\\/\\\/comunus.ch\\\/augmentation-de-capital-reussie-avril-2026\\\/#primaryimage\"},\"thumbnailUrl\":\"https:\\\/\\\/comunus.ch\\\/wp-content\\\/uploads\\\/2026\\\/04\\\/Post_Linkedin_01-04-2026.jpg\",\"articleSection\":[\"Actualit\u00e9s\"],\"inLanguage\":\"de\"},{\"@type\":\"WebPage\",\"@id\":\"https:\\\/\\\/comunus.ch\\\/augmentation-de-capital-reussie-avril-2026\\\/\",\"url\":\"https:\\\/\\\/comunus.ch\\\/augmentation-de-capital-reussie-avril-2026\\\/\",\"name\":\"Augmentation de capital r\u00e9ussie \u2013 Avril 2026 - Comunus\",\"isPartOf\":{\"@id\":\"https:\\\/\\\/comunus.ch\\\/#website\"},\"primaryImageOfPage\":{\"@id\":\"https:\\\/\\\/comunus.ch\\\/augmentation-de-capital-reussie-avril-2026\\\/#primaryimage\"},\"image\":{\"@id\":\"https:\\\/\\\/comunus.ch\\\/augmentation-de-capital-reussie-avril-2026\\\/#primaryimage\"},\"thumbnailUrl\":\"https:\\\/\\\/comunus.ch\\\/wp-content\\\/uploads\\\/2026\\\/04\\\/Post_Linkedin_01-04-2026.jpg\",\"datePublished\":\"2026-03-31T15:41:43+00:00\",\"dateModified\":\"2026-04-01T08:39:46+00:00\",\"breadcrumb\":{\"@id\":\"https:\\\/\\\/comunus.ch\\\/augmentation-de-capital-reussie-avril-2026\\\/#breadcrumb\"},\"inLanguage\":\"de\",\"potentialAction\":[{\"@type\":\"ReadAction\",\"target\":[\"https:\\\/\\\/comunus.ch\\\/augmentation-de-capital-reussie-avril-2026\\\/\"]}]},{\"@type\":\"ImageObject\",\"inLanguage\":\"de\",\"@id\":\"https:\\\/\\\/comunus.ch\\\/augmentation-de-capital-reussie-avril-2026\\\/#primaryimage\",\"url\":\"https:\\\/\\\/comunus.ch\\\/wp-content\\\/uploads\\\/2026\\\/04\\\/Post_Linkedin_01-04-2026.jpg\",\"contentUrl\":\"https:\\\/\\\/comunus.ch\\\/wp-content\\\/uploads\\\/2026\\\/04\\\/Post_Linkedin_01-04-2026.jpg\",\"width\":1678,\"height\":945},{\"@type\":\"BreadcrumbList\",\"@id\":\"https:\\\/\\\/comunus.ch\\\/augmentation-de-capital-reussie-avril-2026\\\/#breadcrumb\",\"itemListElement\":[{\"@type\":\"ListItem\",\"position\":1,\"name\":\"Home\",\"item\":\"https:\\\/\\\/comunus.ch\\\/de\\\/\"},{\"@type\":\"ListItem\",\"position\":2,\"name\":\"Augmentation de capital r\u00e9ussie \u2013 Avril 2026\"}]},{\"@type\":\"WebSite\",\"@id\":\"https:\\\/\\\/comunus.ch\\\/#website\",\"url\":\"https:\\\/\\\/comunus.ch\\\/\",\"name\":\"Comunus\",\"description\":\"Fonds pour investisseurs qualifi\u00e9s\",\"publisher\":{\"@id\":\"https:\\\/\\\/comunus.ch\\\/#organization\"},\"potentialAction\":[{\"@type\":\"SearchAction\",\"target\":{\"@type\":\"EntryPoint\",\"urlTemplate\":\"https:\\\/\\\/comunus.ch\\\/?s={search_term_string}\"},\"query-input\":{\"@type\":\"PropertyValueSpecification\",\"valueRequired\":true,\"valueName\":\"search_term_string\"}}],\"inLanguage\":\"de\"},{\"@type\":\"Organization\",\"@id\":\"https:\\\/\\\/comunus.ch\\\/#organization\",\"name\":\"Comunus\",\"url\":\"https:\\\/\\\/comunus.ch\\\/\",\"logo\":{\"@type\":\"ImageObject\",\"inLanguage\":\"de\",\"@id\":\"https:\\\/\\\/comunus.ch\\\/#\\\/schema\\\/logo\\\/image\\\/\",\"url\":\"https:\\\/\\\/comunus.ch\\\/wp-content\\\/uploads\\\/2023\\\/07\\\/logo-comunus.svg\",\"contentUrl\":\"https:\\\/\\\/comunus.ch\\\/wp-content\\\/uploads\\\/2023\\\/07\\\/logo-comunus.svg\",\"width\":190,\"height\":26,\"caption\":\"Comunus\"},\"image\":{\"@id\":\"https:\\\/\\\/comunus.ch\\\/#\\\/schema\\\/logo\\\/image\\\/\"}},{\"@type\":\"Person\",\"@id\":\"https:\\\/\\\/comunus.ch\\\/#\\\/schema\\\/person\\\/09fd7208ff0bb22afaf011090845c331\",\"name\":\"Comunus\",\"image\":{\"@type\":\"ImageObject\",\"inLanguage\":\"de\",\"@id\":\"https:\\\/\\\/secure.gravatar.com\\\/avatar\\\/22a43bcdb37518e1004920f2e42ae92c2744ff38ba3a5b194cdcd23c842ba884?s=96&d=mm&r=g\",\"url\":\"https:\\\/\\\/secure.gravatar.com\\\/avatar\\\/22a43bcdb37518e1004920f2e42ae92c2744ff38ba3a5b194cdcd23c842ba884?s=96&d=mm&r=g\",\"contentUrl\":\"https:\\\/\\\/secure.gravatar.com\\\/avatar\\\/22a43bcdb37518e1004920f2e42ae92c2744ff38ba3a5b194cdcd23c842ba884?s=96&d=mm&r=g\",\"caption\":\"Comunus\"},\"url\":\"https:\\\/\\\/comunus.ch\\\/de\\\/author\\\/editeurcomunus\\\/\"}]}<\/script>\n<!-- \/ Yoast SEO plugin. -->","yoast_head_json":{"title":"Augmentation de capital r\u00e9ussie \u2013 Avril 2026 - Comunus","robots":{"index":"index","follow":"follow","max-snippet":"max-snippet:-1","max-image-preview":"max-image-preview:large","max-video-preview":"max-video-preview:-1"},"canonical":"https:\/\/comunus.ch\/augmentation-de-capital-reussie-avril-2026\/","og_locale":"de_DE","og_type":"article","og_title":"Augmentation de capital r\u00e9ussie \u2013 Avril 2026 - Comunus","og_description":"L\u2019augmentation de capital qui s\u2019est cl\u00f4tur\u00e9e le 27 mars 2026 a \u00e9t\u00e9 enti\u00e8rement souscrite. Cette nouvelle lev\u00e9e de fonds a [&hellip;]","og_url":"https:\/\/comunus.ch\/augmentation-de-capital-reussie-avril-2026\/","og_site_name":"Comunus","article_published_time":"2026-03-31T15:41:43+00:00","article_modified_time":"2026-04-01T08:39:46+00:00","og_image":[{"width":1678,"height":945,"url":"https:\/\/comunus.ch\/wp-content\/uploads\/2026\/04\/Post_Linkedin_01-04-2026.jpg","type":"image\/jpeg"}],"author":"Comunus","twitter_card":"summary_large_image","twitter_misc":{"Verfasst von":"Comunus","Gesch\u00e4tzte Lesezeit":"1\u00a0Minute"},"schema":{"@context":"https:\/\/schema.org","@graph":[{"@type":"Article","@id":"https:\/\/comunus.ch\/augmentation-de-capital-reussie-avril-2026\/#article","isPartOf":{"@id":"https:\/\/comunus.ch\/augmentation-de-capital-reussie-avril-2026\/"},"author":{"name":"Comunus","@id":"https:\/\/comunus.ch\/#\/schema\/person\/09fd7208ff0bb22afaf011090845c331"},"headline":"Augmentation de capital r\u00e9ussie \u2013 Avril 2026","datePublished":"2026-03-31T15:41:43+00:00","dateModified":"2026-04-01T08:39:46+00:00","mainEntityOfPage":{"@id":"https:\/\/comunus.ch\/augmentation-de-capital-reussie-avril-2026\/"},"wordCount":152,"publisher":{"@id":"https:\/\/comunus.ch\/#organization"},"image":{"@id":"https:\/\/comunus.ch\/augmentation-de-capital-reussie-avril-2026\/#primaryimage"},"thumbnailUrl":"https:\/\/comunus.ch\/wp-content\/uploads\/2026\/04\/Post_Linkedin_01-04-2026.jpg","articleSection":["Actualit\u00e9s"],"inLanguage":"de"},{"@type":"WebPage","@id":"https:\/\/comunus.ch\/augmentation-de-capital-reussie-avril-2026\/","url":"https:\/\/comunus.ch\/augmentation-de-capital-reussie-avril-2026\/","name":"Augmentation de capital r\u00e9ussie \u2013 Avril 2026 - Comunus","isPartOf":{"@id":"https:\/\/comunus.ch\/#website"},"primaryImageOfPage":{"@id":"https:\/\/comunus.ch\/augmentation-de-capital-reussie-avril-2026\/#primaryimage"},"image":{"@id":"https:\/\/comunus.ch\/augmentation-de-capital-reussie-avril-2026\/#primaryimage"},"thumbnailUrl":"https:\/\/comunus.ch\/wp-content\/uploads\/2026\/04\/Post_Linkedin_01-04-2026.jpg","datePublished":"2026-03-31T15:41:43+00:00","dateModified":"2026-04-01T08:39:46+00:00","breadcrumb":{"@id":"https:\/\/comunus.ch\/augmentation-de-capital-reussie-avril-2026\/#breadcrumb"},"inLanguage":"de","potentialAction":[{"@type":"ReadAction","target":["https:\/\/comunus.ch\/augmentation-de-capital-reussie-avril-2026\/"]}]},{"@type":"ImageObject","inLanguage":"de","@id":"https:\/\/comunus.ch\/augmentation-de-capital-reussie-avril-2026\/#primaryimage","url":"https:\/\/comunus.ch\/wp-content\/uploads\/2026\/04\/Post_Linkedin_01-04-2026.jpg","contentUrl":"https:\/\/comunus.ch\/wp-content\/uploads\/2026\/04\/Post_Linkedin_01-04-2026.jpg","width":1678,"height":945},{"@type":"BreadcrumbList","@id":"https:\/\/comunus.ch\/augmentation-de-capital-reussie-avril-2026\/#breadcrumb","itemListElement":[{"@type":"ListItem","position":1,"name":"Home","item":"https:\/\/comunus.ch\/de\/"},{"@type":"ListItem","position":2,"name":"Augmentation de capital r\u00e9ussie \u2013 Avril 2026"}]},{"@type":"WebSite","@id":"https:\/\/comunus.ch\/#website","url":"https:\/\/comunus.ch\/","name":"Comunus","description":"Fonds pour investisseurs qualifi\u00e9s","publisher":{"@id":"https:\/\/comunus.ch\/#organization"},"potentialAction":[{"@type":"SearchAction","target":{"@type":"EntryPoint","urlTemplate":"https:\/\/comunus.ch\/?s={search_term_string}"},"query-input":{"@type":"PropertyValueSpecification","valueRequired":true,"valueName":"search_term_string"}}],"inLanguage":"de"},{"@type":"Organization","@id":"https:\/\/comunus.ch\/#organization","name":"Comunus","url":"https:\/\/comunus.ch\/","logo":{"@type":"ImageObject","inLanguage":"de","@id":"https:\/\/comunus.ch\/#\/schema\/logo\/image\/","url":"https:\/\/comunus.ch\/wp-content\/uploads\/2023\/07\/logo-comunus.svg","contentUrl":"https:\/\/comunus.ch\/wp-content\/uploads\/2023\/07\/logo-comunus.svg","width":190,"height":26,"caption":"Comunus"},"image":{"@id":"https:\/\/comunus.ch\/#\/schema\/logo\/image\/"}},{"@type":"Person","@id":"https:\/\/comunus.ch\/#\/schema\/person\/09fd7208ff0bb22afaf011090845c331","name":"Comunus","image":{"@type":"ImageObject","inLanguage":"de","@id":"https:\/\/secure.gravatar.com\/avatar\/22a43bcdb37518e1004920f2e42ae92c2744ff38ba3a5b194cdcd23c842ba884?s=96&d=mm&r=g","url":"https:\/\/secure.gravatar.com\/avatar\/22a43bcdb37518e1004920f2e42ae92c2744ff38ba3a5b194cdcd23c842ba884?s=96&d=mm&r=g","contentUrl":"https:\/\/secure.gravatar.com\/avatar\/22a43bcdb37518e1004920f2e42ae92c2744ff38ba3a5b194cdcd23c842ba884?s=96&d=mm&r=g","caption":"Comunus"},"url":"https:\/\/comunus.ch\/de\/author\/editeurcomunus\/"}]}},"_links":{"self":[{"href":"https:\/\/comunus.ch\/de\/wp-json\/wp\/v2\/posts\/5575","targetHints":{"allow":["GET"]}}],"collection":[{"href":"https:\/\/comunus.ch\/de\/wp-json\/wp\/v2\/posts"}],"about":[{"href":"https:\/\/comunus.ch\/de\/wp-json\/wp\/v2\/types\/post"}],"author":[{"embeddable":true,"href":"https:\/\/comunus.ch\/de\/wp-json\/wp\/v2\/users\/4"}],"replies":[{"embeddable":true,"href":"https:\/\/comunus.ch\/de\/wp-json\/wp\/v2\/comments?post=5575"}],"version-history":[{"count":3,"href":"https:\/\/comunus.ch\/de\/wp-json\/wp\/v2\/posts\/5575\/revisions"}],"predecessor-version":[{"id":5581,"href":"https:\/\/comunus.ch\/de\/wp-json\/wp\/v2\/posts\/5575\/revisions\/5581"}],"wp:featuredmedia":[{"embeddable":true,"href":"https:\/\/comunus.ch\/de\/wp-json\/wp\/v2\/media\/5583"}],"wp:attachment":[{"href":"https:\/\/comunus.ch\/de\/wp-json\/wp\/v2\/media?parent=5575"}],"wp:term":[{"taxonomy":"category","embeddable":true,"href":"https:\/\/comunus.ch\/de\/wp-json\/wp\/v2\/categories?post=5575"},{"taxonomy":"post_tag","embeddable":true,"href":"https:\/\/comunus.ch\/de\/wp-json\/wp\/v2\/tags?post=5575"},{"taxonomy":"type-of-post","embeddable":true,"href":"https:\/\/comunus.ch\/de\/wp-json\/wp\/v2\/type-of-post?post=5575"},{"taxonomy":"post-year","embeddable":true,"href":"https:\/\/comunus.ch\/de\/wp-json\/wp\/v2\/post-year?post=5575"}],"curies":[{"name":"wp","href":"https:\/\/api.w.org\/{rel}","templated":true}]}}