{"id":5484,"date":"2026-03-26T17:48:34","date_gmt":"2026-03-26T16:48:34","guid":{"rendered":"https:\/\/comunus.ch\/?p=5484"},"modified":"2026-03-26T17:48:37","modified_gmt":"2026-03-26T16:48:37","slug":"decision-de-lassemblee-generale-ordinaire-du-26-mars-2026-annonce-de-dividende","status":"publish","type":"post","link":"https:\/\/comunus.ch\/de\/decision-de-lassemblee-generale-ordinaire-du-26-mars-2026-annonce-de-dividende\/","title":{"rendered":"D\u00e9cision de l&#8217;Assembl\u00e9e g\u00e9n\u00e9rale ordinaire du 26 mars 2026 &amp; Annonce de dividende"},"content":{"rendered":"\n<p>L\u2019Assembl\u00e9e g\u00e9n\u00e9rale ordinaire des actionnaires de Comunus SICAV \u2013 Swiss (CH0200600911), qui a eu lieu au si\u00e8ge de la SICAV, a approuv\u00e9 tous les points \u00e0 l\u2019ordre du jour.<\/p>\n\n\n\n<p>Le versement du dividende&nbsp;<strong>CHF 6.00&nbsp;<\/strong>par action est fix\u00e9 au 2 avril 2026.<\/p>\n\n\n\n<p><em>Strat\u00e9gie d\u2019investissement de Comunus SICAV<\/em><\/p>\n\n\n\n<p><em>La SICAV focalise les investissements sur des immeubles r\u00e9sidentiels et mixtes, situ\u00e9s dans des centres urbains et avec potentiel de r\u00e9novation g\u00e9n\u00e9rant une croissance r\u00e9guli\u00e8re des revenus ainsi que la vente d\u2019immeubles transform\u00e9s ou am\u00e9lior\u00e9s permettant d\u2019engendrer des gains en capitaux pour les actionnaires.<\/em><\/p>\n\n\n\n<p><\/p>\n","protected":false},"excerpt":{"rendered":"<p>L\u2019Assembl\u00e9e g\u00e9n\u00e9rale ordinaire des actionnaires de Comunus SICAV \u2013 Swiss (CH0200600911), qui a eu lieu au si\u00e8ge de la SICAV, [&hellip;]<\/p>\n","protected":false},"author":4,"featured_media":5489,"comment_status":"closed","ping_status":"closed","sticky":false,"template":"","format":"standard","meta":{"_acf_changed":false,"footnotes":""},"categories":[3],"tags":[],"type-of-post":[89],"post-year":[99],"class_list":["post-5484","post","type-post","status-publish","format-standard","has-post-thumbnail","hentry","category-actualites","type-of-post-annonce-de-publicite-evenementielle-selon-lart-53-rc","post-year-99"],"acf":[],"yoast_head":"<!-- This site is optimized with the Yoast SEO plugin v27.4 - https:\/\/yoast.com\/product\/yoast-seo-wordpress\/ -->\n<title>D\u00e9cision de l&#039;Assembl\u00e9e g\u00e9n\u00e9rale ordinaire du 26 mars 2026 &amp; Annonce de dividende - Comunus<\/title>\n<meta name=\"robots\" content=\"index, follow, max-snippet:-1, max-image-preview:large, max-video-preview:-1\" \/>\n<link rel=\"canonical\" href=\"https:\/\/comunus.ch\/decision-de-lassemblee-generale-ordinaire-du-26-mars-2026-annonce-de-dividende\/\" \/>\n<meta property=\"og:locale\" content=\"de_DE\" \/>\n<meta property=\"og:type\" content=\"article\" \/>\n<meta property=\"og:title\" content=\"D\u00e9cision de l&#039;Assembl\u00e9e g\u00e9n\u00e9rale ordinaire du 26 mars 2026 &amp; Annonce de dividende - Comunus\" \/>\n<meta property=\"og:description\" content=\"L\u2019Assembl\u00e9e g\u00e9n\u00e9rale ordinaire des actionnaires de Comunus SICAV \u2013 Swiss (CH0200600911), qui a eu lieu au si\u00e8ge de la SICAV, [&hellip;]\" \/>\n<meta property=\"og:url\" content=\"https:\/\/comunus.ch\/decision-de-lassemblee-generale-ordinaire-du-26-mars-2026-annonce-de-dividende\/\" \/>\n<meta property=\"og:site_name\" content=\"Comunus\" \/>\n<meta property=\"article:published_time\" content=\"2026-03-26T16:48:34+00:00\" \/>\n<meta property=\"article:modified_time\" content=\"2026-03-26T16:48:37+00:00\" \/>\n<meta property=\"og:image\" content=\"https:\/\/comunus.ch\/wp-content\/uploads\/2026\/03\/backbone_91510_042_raw_HD-1320x880.jpg\" \/>\n\t<meta property=\"og:image:width\" content=\"1320\" \/>\n\t<meta property=\"og:image:height\" content=\"880\" \/>\n\t<meta property=\"og:image:type\" content=\"image\/jpeg\" \/>\n<meta name=\"author\" content=\"Comunus\" \/>\n<meta name=\"twitter:card\" content=\"summary_large_image\" \/>\n<meta name=\"twitter:label1\" content=\"Verfasst von\" \/>\n\t<meta name=\"twitter:data1\" content=\"Comunus\" \/>\n\t<meta name=\"twitter:label2\" content=\"Gesch\u00e4tzte Lesezeit\" \/>\n\t<meta name=\"twitter:data2\" content=\"1\u00a0Minute\" \/>\n<script type=\"application\/ld+json\" class=\"yoast-schema-graph\">{\"@context\":\"https:\\\/\\\/schema.org\",\"@graph\":[{\"@type\":\"Article\",\"@id\":\"https:\\\/\\\/comunus.ch\\\/decision-de-lassemblee-generale-ordinaire-du-26-mars-2026-annonce-de-dividende\\\/#article\",\"isPartOf\":{\"@id\":\"https:\\\/\\\/comunus.ch\\\/decision-de-lassemblee-generale-ordinaire-du-26-mars-2026-annonce-de-dividende\\\/\"},\"author\":{\"name\":\"Comunus\",\"@id\":\"https:\\\/\\\/comunus.ch\\\/#\\\/schema\\\/person\\\/09fd7208ff0bb22afaf011090845c331\"},\"headline\":\"D\u00e9cision de l&#8217;Assembl\u00e9e g\u00e9n\u00e9rale ordinaire du 26 mars 2026 &amp; Annonce de dividende\",\"datePublished\":\"2026-03-26T16:48:34+00:00\",\"dateModified\":\"2026-03-26T16:48:37+00:00\",\"mainEntityOfPage\":{\"@id\":\"https:\\\/\\\/comunus.ch\\\/decision-de-lassemblee-generale-ordinaire-du-26-mars-2026-annonce-de-dividende\\\/\"},\"wordCount\":125,\"publisher\":{\"@id\":\"https:\\\/\\\/comunus.ch\\\/#organization\"},\"image\":{\"@id\":\"https:\\\/\\\/comunus.ch\\\/decision-de-lassemblee-generale-ordinaire-du-26-mars-2026-annonce-de-dividende\\\/#primaryimage\"},\"thumbnailUrl\":\"https:\\\/\\\/comunus.ch\\\/wp-content\\\/uploads\\\/2026\\\/03\\\/backbone_91510_042_raw_HD.jpg\",\"articleSection\":[\"Actualit\u00e9s\"],\"inLanguage\":\"de\"},{\"@type\":\"WebPage\",\"@id\":\"https:\\\/\\\/comunus.ch\\\/decision-de-lassemblee-generale-ordinaire-du-26-mars-2026-annonce-de-dividende\\\/\",\"url\":\"https:\\\/\\\/comunus.ch\\\/decision-de-lassemblee-generale-ordinaire-du-26-mars-2026-annonce-de-dividende\\\/\",\"name\":\"D\u00e9cision de l'Assembl\u00e9e g\u00e9n\u00e9rale ordinaire du 26 mars 2026 &amp; Annonce de dividende - Comunus\",\"isPartOf\":{\"@id\":\"https:\\\/\\\/comunus.ch\\\/#website\"},\"primaryImageOfPage\":{\"@id\":\"https:\\\/\\\/comunus.ch\\\/decision-de-lassemblee-generale-ordinaire-du-26-mars-2026-annonce-de-dividende\\\/#primaryimage\"},\"image\":{\"@id\":\"https:\\\/\\\/comunus.ch\\\/decision-de-lassemblee-generale-ordinaire-du-26-mars-2026-annonce-de-dividende\\\/#primaryimage\"},\"thumbnailUrl\":\"https:\\\/\\\/comunus.ch\\\/wp-content\\\/uploads\\\/2026\\\/03\\\/backbone_91510_042_raw_HD.jpg\",\"datePublished\":\"2026-03-26T16:48:34+00:00\",\"dateModified\":\"2026-03-26T16:48:37+00:00\",\"breadcrumb\":{\"@id\":\"https:\\\/\\\/comunus.ch\\\/decision-de-lassemblee-generale-ordinaire-du-26-mars-2026-annonce-de-dividende\\\/#breadcrumb\"},\"inLanguage\":\"de\",\"potentialAction\":[{\"@type\":\"ReadAction\",\"target\":[\"https:\\\/\\\/comunus.ch\\\/decision-de-lassemblee-generale-ordinaire-du-26-mars-2026-annonce-de-dividende\\\/\"]}]},{\"@type\":\"ImageObject\",\"inLanguage\":\"de\",\"@id\":\"https:\\\/\\\/comunus.ch\\\/decision-de-lassemblee-generale-ordinaire-du-26-mars-2026-annonce-de-dividende\\\/#primaryimage\",\"url\":\"https:\\\/\\\/comunus.ch\\\/wp-content\\\/uploads\\\/2026\\\/03\\\/backbone_91510_042_raw_HD.jpg\",\"contentUrl\":\"https:\\\/\\\/comunus.ch\\\/wp-content\\\/uploads\\\/2026\\\/03\\\/backbone_91510_042_raw_HD.jpg\",\"width\":7952,\"height\":5304},{\"@type\":\"BreadcrumbList\",\"@id\":\"https:\\\/\\\/comunus.ch\\\/decision-de-lassemblee-generale-ordinaire-du-26-mars-2026-annonce-de-dividende\\\/#breadcrumb\",\"itemListElement\":[{\"@type\":\"ListItem\",\"position\":1,\"name\":\"Home\",\"item\":\"https:\\\/\\\/comunus.ch\\\/de\\\/\"},{\"@type\":\"ListItem\",\"position\":2,\"name\":\"D\u00e9cision de l&rsquo;Assembl\u00e9e g\u00e9n\u00e9rale ordinaire du 26 mars 2026 &amp; Annonce de dividende\"}]},{\"@type\":\"WebSite\",\"@id\":\"https:\\\/\\\/comunus.ch\\\/#website\",\"url\":\"https:\\\/\\\/comunus.ch\\\/\",\"name\":\"Comunus\",\"description\":\"Fonds pour investisseurs qualifi\u00e9s\",\"publisher\":{\"@id\":\"https:\\\/\\\/comunus.ch\\\/#organization\"},\"potentialAction\":[{\"@type\":\"SearchAction\",\"target\":{\"@type\":\"EntryPoint\",\"urlTemplate\":\"https:\\\/\\\/comunus.ch\\\/?s={search_term_string}\"},\"query-input\":{\"@type\":\"PropertyValueSpecification\",\"valueRequired\":true,\"valueName\":\"search_term_string\"}}],\"inLanguage\":\"de\"},{\"@type\":\"Organization\",\"@id\":\"https:\\\/\\\/comunus.ch\\\/#organization\",\"name\":\"Comunus\",\"url\":\"https:\\\/\\\/comunus.ch\\\/\",\"logo\":{\"@type\":\"ImageObject\",\"inLanguage\":\"de\",\"@id\":\"https:\\\/\\\/comunus.ch\\\/#\\\/schema\\\/logo\\\/image\\\/\",\"url\":\"https:\\\/\\\/comunus.ch\\\/wp-content\\\/uploads\\\/2023\\\/07\\\/logo-comunus.svg\",\"contentUrl\":\"https:\\\/\\\/comunus.ch\\\/wp-content\\\/uploads\\\/2023\\\/07\\\/logo-comunus.svg\",\"width\":190,\"height\":26,\"caption\":\"Comunus\"},\"image\":{\"@id\":\"https:\\\/\\\/comunus.ch\\\/#\\\/schema\\\/logo\\\/image\\\/\"}},{\"@type\":\"Person\",\"@id\":\"https:\\\/\\\/comunus.ch\\\/#\\\/schema\\\/person\\\/09fd7208ff0bb22afaf011090845c331\",\"name\":\"Comunus\",\"image\":{\"@type\":\"ImageObject\",\"inLanguage\":\"de\",\"@id\":\"https:\\\/\\\/secure.gravatar.com\\\/avatar\\\/22a43bcdb37518e1004920f2e42ae92c2744ff38ba3a5b194cdcd23c842ba884?s=96&d=mm&r=g\",\"url\":\"https:\\\/\\\/secure.gravatar.com\\\/avatar\\\/22a43bcdb37518e1004920f2e42ae92c2744ff38ba3a5b194cdcd23c842ba884?s=96&d=mm&r=g\",\"contentUrl\":\"https:\\\/\\\/secure.gravatar.com\\\/avatar\\\/22a43bcdb37518e1004920f2e42ae92c2744ff38ba3a5b194cdcd23c842ba884?s=96&d=mm&r=g\",\"caption\":\"Comunus\"},\"url\":\"https:\\\/\\\/comunus.ch\\\/de\\\/author\\\/editeurcomunus\\\/\"}]}<\/script>\n<!-- \/ Yoast SEO plugin. -->","yoast_head_json":{"title":"D\u00e9cision de l'Assembl\u00e9e g\u00e9n\u00e9rale ordinaire du 26 mars 2026 &amp; Annonce de dividende - Comunus","robots":{"index":"index","follow":"follow","max-snippet":"max-snippet:-1","max-image-preview":"max-image-preview:large","max-video-preview":"max-video-preview:-1"},"canonical":"https:\/\/comunus.ch\/decision-de-lassemblee-generale-ordinaire-du-26-mars-2026-annonce-de-dividende\/","og_locale":"de_DE","og_type":"article","og_title":"D\u00e9cision de l'Assembl\u00e9e g\u00e9n\u00e9rale ordinaire du 26 mars 2026 &amp; Annonce de dividende - Comunus","og_description":"L\u2019Assembl\u00e9e g\u00e9n\u00e9rale ordinaire des actionnaires de Comunus SICAV \u2013 Swiss (CH0200600911), qui a eu lieu au si\u00e8ge de la SICAV, [&hellip;]","og_url":"https:\/\/comunus.ch\/decision-de-lassemblee-generale-ordinaire-du-26-mars-2026-annonce-de-dividende\/","og_site_name":"Comunus","article_published_time":"2026-03-26T16:48:34+00:00","article_modified_time":"2026-03-26T16:48:37+00:00","og_image":[{"width":1320,"height":880,"url":"https:\/\/comunus.ch\/wp-content\/uploads\/2026\/03\/backbone_91510_042_raw_HD-1320x880.jpg","type":"image\/jpeg"}],"author":"Comunus","twitter_card":"summary_large_image","twitter_misc":{"Verfasst von":"Comunus","Gesch\u00e4tzte Lesezeit":"1\u00a0Minute"},"schema":{"@context":"https:\/\/schema.org","@graph":[{"@type":"Article","@id":"https:\/\/comunus.ch\/decision-de-lassemblee-generale-ordinaire-du-26-mars-2026-annonce-de-dividende\/#article","isPartOf":{"@id":"https:\/\/comunus.ch\/decision-de-lassemblee-generale-ordinaire-du-26-mars-2026-annonce-de-dividende\/"},"author":{"name":"Comunus","@id":"https:\/\/comunus.ch\/#\/schema\/person\/09fd7208ff0bb22afaf011090845c331"},"headline":"D\u00e9cision de l&#8217;Assembl\u00e9e g\u00e9n\u00e9rale ordinaire du 26 mars 2026 &amp; Annonce de dividende","datePublished":"2026-03-26T16:48:34+00:00","dateModified":"2026-03-26T16:48:37+00:00","mainEntityOfPage":{"@id":"https:\/\/comunus.ch\/decision-de-lassemblee-generale-ordinaire-du-26-mars-2026-annonce-de-dividende\/"},"wordCount":125,"publisher":{"@id":"https:\/\/comunus.ch\/#organization"},"image":{"@id":"https:\/\/comunus.ch\/decision-de-lassemblee-generale-ordinaire-du-26-mars-2026-annonce-de-dividende\/#primaryimage"},"thumbnailUrl":"https:\/\/comunus.ch\/wp-content\/uploads\/2026\/03\/backbone_91510_042_raw_HD.jpg","articleSection":["Actualit\u00e9s"],"inLanguage":"de"},{"@type":"WebPage","@id":"https:\/\/comunus.ch\/decision-de-lassemblee-generale-ordinaire-du-26-mars-2026-annonce-de-dividende\/","url":"https:\/\/comunus.ch\/decision-de-lassemblee-generale-ordinaire-du-26-mars-2026-annonce-de-dividende\/","name":"D\u00e9cision de l'Assembl\u00e9e g\u00e9n\u00e9rale ordinaire du 26 mars 2026 &amp; Annonce de dividende - Comunus","isPartOf":{"@id":"https:\/\/comunus.ch\/#website"},"primaryImageOfPage":{"@id":"https:\/\/comunus.ch\/decision-de-lassemblee-generale-ordinaire-du-26-mars-2026-annonce-de-dividende\/#primaryimage"},"image":{"@id":"https:\/\/comunus.ch\/decision-de-lassemblee-generale-ordinaire-du-26-mars-2026-annonce-de-dividende\/#primaryimage"},"thumbnailUrl":"https:\/\/comunus.ch\/wp-content\/uploads\/2026\/03\/backbone_91510_042_raw_HD.jpg","datePublished":"2026-03-26T16:48:34+00:00","dateModified":"2026-03-26T16:48:37+00:00","breadcrumb":{"@id":"https:\/\/comunus.ch\/decision-de-lassemblee-generale-ordinaire-du-26-mars-2026-annonce-de-dividende\/#breadcrumb"},"inLanguage":"de","potentialAction":[{"@type":"ReadAction","target":["https:\/\/comunus.ch\/decision-de-lassemblee-generale-ordinaire-du-26-mars-2026-annonce-de-dividende\/"]}]},{"@type":"ImageObject","inLanguage":"de","@id":"https:\/\/comunus.ch\/decision-de-lassemblee-generale-ordinaire-du-26-mars-2026-annonce-de-dividende\/#primaryimage","url":"https:\/\/comunus.ch\/wp-content\/uploads\/2026\/03\/backbone_91510_042_raw_HD.jpg","contentUrl":"https:\/\/comunus.ch\/wp-content\/uploads\/2026\/03\/backbone_91510_042_raw_HD.jpg","width":7952,"height":5304},{"@type":"BreadcrumbList","@id":"https:\/\/comunus.ch\/decision-de-lassemblee-generale-ordinaire-du-26-mars-2026-annonce-de-dividende\/#breadcrumb","itemListElement":[{"@type":"ListItem","position":1,"name":"Home","item":"https:\/\/comunus.ch\/de\/"},{"@type":"ListItem","position":2,"name":"D\u00e9cision de l&rsquo;Assembl\u00e9e g\u00e9n\u00e9rale ordinaire du 26 mars 2026 &amp; Annonce de dividende"}]},{"@type":"WebSite","@id":"https:\/\/comunus.ch\/#website","url":"https:\/\/comunus.ch\/","name":"Comunus","description":"Fonds pour investisseurs qualifi\u00e9s","publisher":{"@id":"https:\/\/comunus.ch\/#organization"},"potentialAction":[{"@type":"SearchAction","target":{"@type":"EntryPoint","urlTemplate":"https:\/\/comunus.ch\/?s={search_term_string}"},"query-input":{"@type":"PropertyValueSpecification","valueRequired":true,"valueName":"search_term_string"}}],"inLanguage":"de"},{"@type":"Organization","@id":"https:\/\/comunus.ch\/#organization","name":"Comunus","url":"https:\/\/comunus.ch\/","logo":{"@type":"ImageObject","inLanguage":"de","@id":"https:\/\/comunus.ch\/#\/schema\/logo\/image\/","url":"https:\/\/comunus.ch\/wp-content\/uploads\/2023\/07\/logo-comunus.svg","contentUrl":"https:\/\/comunus.ch\/wp-content\/uploads\/2023\/07\/logo-comunus.svg","width":190,"height":26,"caption":"Comunus"},"image":{"@id":"https:\/\/comunus.ch\/#\/schema\/logo\/image\/"}},{"@type":"Person","@id":"https:\/\/comunus.ch\/#\/schema\/person\/09fd7208ff0bb22afaf011090845c331","name":"Comunus","image":{"@type":"ImageObject","inLanguage":"de","@id":"https:\/\/secure.gravatar.com\/avatar\/22a43bcdb37518e1004920f2e42ae92c2744ff38ba3a5b194cdcd23c842ba884?s=96&d=mm&r=g","url":"https:\/\/secure.gravatar.com\/avatar\/22a43bcdb37518e1004920f2e42ae92c2744ff38ba3a5b194cdcd23c842ba884?s=96&d=mm&r=g","contentUrl":"https:\/\/secure.gravatar.com\/avatar\/22a43bcdb37518e1004920f2e42ae92c2744ff38ba3a5b194cdcd23c842ba884?s=96&d=mm&r=g","caption":"Comunus"},"url":"https:\/\/comunus.ch\/de\/author\/editeurcomunus\/"}]}},"_links":{"self":[{"href":"https:\/\/comunus.ch\/de\/wp-json\/wp\/v2\/posts\/5484","targetHints":{"allow":["GET"]}}],"collection":[{"href":"https:\/\/comunus.ch\/de\/wp-json\/wp\/v2\/posts"}],"about":[{"href":"https:\/\/comunus.ch\/de\/wp-json\/wp\/v2\/types\/post"}],"author":[{"embeddable":true,"href":"https:\/\/comunus.ch\/de\/wp-json\/wp\/v2\/users\/4"}],"replies":[{"embeddable":true,"href":"https:\/\/comunus.ch\/de\/wp-json\/wp\/v2\/comments?post=5484"}],"version-history":[{"count":4,"href":"https:\/\/comunus.ch\/de\/wp-json\/wp\/v2\/posts\/5484\/revisions"}],"predecessor-version":[{"id":5534,"href":"https:\/\/comunus.ch\/de\/wp-json\/wp\/v2\/posts\/5484\/revisions\/5534"}],"wp:featuredmedia":[{"embeddable":true,"href":"https:\/\/comunus.ch\/de\/wp-json\/wp\/v2\/media\/5489"}],"wp:attachment":[{"href":"https:\/\/comunus.ch\/de\/wp-json\/wp\/v2\/media?parent=5484"}],"wp:term":[{"taxonomy":"category","embeddable":true,"href":"https:\/\/comunus.ch\/de\/wp-json\/wp\/v2\/categories?post=5484"},{"taxonomy":"post_tag","embeddable":true,"href":"https:\/\/comunus.ch\/de\/wp-json\/wp\/v2\/tags?post=5484"},{"taxonomy":"type-of-post","embeddable":true,"href":"https:\/\/comunus.ch\/de\/wp-json\/wp\/v2\/type-of-post?post=5484"},{"taxonomy":"post-year","embeddable":true,"href":"https:\/\/comunus.ch\/de\/wp-json\/wp\/v2\/post-year?post=5484"}],"curies":[{"name":"wp","href":"https:\/\/api.w.org\/{rel}","templated":true}]}}