{"id":5346,"date":"2026-03-09T17:44:59","date_gmt":"2026-03-09T16:44:59","guid":{"rendered":"https:\/\/comunus.ch\/?p=5346"},"modified":"2026-03-10T10:08:00","modified_gmt":"2026-03-10T09:08:00","slug":"augmentation-de-capital-annonce-des-conditions-demission-du-2-avril-2026","status":"publish","type":"post","link":"https:\/\/comunus.ch\/de\/augmentation-de-capital-annonce-des-conditions-demission-du-2-avril-2026\/","title":{"rendered":"Augmentation de capital &#8211; Annonce des conditions d\u2019\u00e9mission du 2 avril 2026"},"content":{"rendered":"\n<p><strong>9 mars 2026 &#8211; Publication des conditions de l\u2019\u00e9mission du 2 avril 2026<\/strong><\/p>\n\n\n\n<p>En lien avec les communications pr\u00e9c\u00e9dentes, Comunus SICAV communique les d\u00e9tails de l\u2019augmentation de capital d\u2019environ CHF 80 mios environ.<\/p>\n\n\n\n<p>Conform\u00e9ment \u00e0 sa strat\u00e9gie, la SICAV poursuit le d\u00e9veloppement de son portefeuille. Le produit de l\u2019\u00e9mission servira \u00e0 financer les acquisitions s\u00e9curis\u00e9es de 7 nouveaux objets r\u00e9sidentiels situ\u00e9s essentiellement dans l\u2019arc l\u00e9manique, repr\u00e9sentant un montant d\u2019environ CHF 60 mios ainsi qu\u2019\u00e0 la r\u00e9duction du taux d\u2019endettement.<\/p>\n\n\n\n<p>Le prospectus d\u2019\u00e9mission est disponible sous le lien suivant<a href=\"https:\/\/comunus.ch\/informations-investisseurs\/\" type=\"link\" id=\"https:\/\/comunus.ch\/informations-investisseurs\/\"> Informations Investisseurs <\/a><\/p>\n\n\n\n<p><\/p>\n\n\n\n<figure style=\"font-size:0.9rem\" class=\"wp-block-table\"><table class=\"has-fixed-layout\"><tbody><tr><td><strong>P\u00e9riode de souscription<\/strong><\/td><td>du 16 au 27 mars 2026, 12h00<\/td><\/tr><tr><td><strong>Lib\u00e9ration<\/strong><\/td><td>2 avril 2026<\/td><\/tr><tr><td><strong>Nombre d&#8217;actions \u00e0 \u00e9mettre<\/strong><\/td><td>462 205 au maximum<\/td><\/tr><tr><td><strong>VNI d\u2019\u00e9mission \u2013 Prix de souscription<\/strong><\/td><td>CHF 179.08 net \/ action<\/td><\/tr><tr><td><strong>Rapport de souscription<\/strong><\/td><td>8 anciennes actions donnent le droit de souscrire \u00e0 1 nouvelle action de Comunus SICAV \u2013 Swiss.<\/td><\/tr><tr><td><strong>Banque D\u00e9positaire:<\/strong><\/td><td>Banque Cantonale Vaudoise, Lausanne<\/td><\/tr><tr><td><strong>Num\u00e9ro de valeur \/ ISIN<\/strong> <strong>\/ Symbole<\/strong><\/td><td>Actions : 20 060 091 \/ CH0200600911 \/ CMUS<br>Droits de souscription: 153 826 977 \/ CH1538269775 \/ CMUS1<\/td><\/tr><\/tbody><\/table><\/figure>\n\n\n\n<p><em>Strat\u00e9gie d\u2019investissement de Comunus SICAV<\/em><\/p>\n\n\n\n<p><em>La SICAV focalise les investissements sur des immeubles r\u00e9sidentiels et mixtes, situ\u00e9s dans des centres urbains et avec potentiel de r\u00e9novation g\u00e9n\u00e9rant une croissance r\u00e9guli\u00e8re des revenus ainsi que la vente d\u2019immeubles transform\u00e9s ou am\u00e9lior\u00e9s permettant d\u2019engendrer des gains en capitaux pour les actionnaires.<\/em><\/p>\n\n\n\n<p><\/p>\n","protected":false},"excerpt":{"rendered":"<p>9 mars 2026 &#8211; Publication des conditions de l\u2019\u00e9mission du 2 avril 2026 En lien avec les communications pr\u00e9c\u00e9dentes, Comunus [&hellip;]<\/p>\n","protected":false},"author":4,"featured_media":2810,"comment_status":"closed","ping_status":"closed","sticky":false,"template":"","format":"standard","meta":{"_acf_changed":false,"footnotes":""},"categories":[3],"tags":[],"type-of-post":[89],"post-year":[99],"class_list":["post-5346","post","type-post","status-publish","format-standard","has-post-thumbnail","hentry","category-actualites","type-of-post-annonce-de-publicite-evenementielle-selon-lart-53-rc","post-year-99"],"acf":[],"yoast_head":"<!-- This site is optimized with the Yoast SEO plugin v27.4 - https:\/\/yoast.com\/product\/yoast-seo-wordpress\/ -->\n<title>Augmentation de capital - Annonce des conditions d\u2019\u00e9mission du 2 avril 2026 - Comunus<\/title>\n<meta name=\"robots\" content=\"index, follow, max-snippet:-1, max-image-preview:large, max-video-preview:-1\" \/>\n<link rel=\"canonical\" href=\"https:\/\/comunus.ch\/augmentation-de-capital-annonce-des-conditions-demission-du-2-avril-2026\/\" \/>\n<meta property=\"og:locale\" content=\"de_DE\" \/>\n<meta property=\"og:type\" content=\"article\" \/>\n<meta property=\"og:title\" content=\"Augmentation de capital - Annonce des conditions d\u2019\u00e9mission du 2 avril 2026 - Comunus\" \/>\n<meta property=\"og:description\" content=\"9 mars 2026 &#8211; Publication des conditions de l\u2019\u00e9mission du 2 avril 2026 En lien avec les communications pr\u00e9c\u00e9dentes, Comunus [&hellip;]\" \/>\n<meta property=\"og:url\" content=\"https:\/\/comunus.ch\/augmentation-de-capital-annonce-des-conditions-demission-du-2-avril-2026\/\" \/>\n<meta property=\"og:site_name\" content=\"Comunus\" \/>\n<meta property=\"article:published_time\" content=\"2026-03-09T16:44:59+00:00\" \/>\n<meta property=\"article:modified_time\" content=\"2026-03-10T09:08:00+00:00\" \/>\n<meta property=\"og:image\" content=\"https:\/\/comunus.ch\/wp-content\/uploads\/2023\/07\/Actu_CapitalPrevue.jpg\" \/>\n\t<meta property=\"og:image:width\" content=\"1024\" \/>\n\t<meta property=\"og:image:height\" content=\"683\" \/>\n\t<meta property=\"og:image:type\" content=\"image\/jpeg\" \/>\n<meta name=\"author\" content=\"Comunus\" \/>\n<meta name=\"twitter:card\" content=\"summary_large_image\" \/>\n<meta name=\"twitter:label1\" content=\"Verfasst von\" \/>\n\t<meta name=\"twitter:data1\" content=\"Comunus\" \/>\n\t<meta name=\"twitter:label2\" content=\"Gesch\u00e4tzte Lesezeit\" \/>\n\t<meta name=\"twitter:data2\" content=\"2\u00a0Minuten\" \/>\n<script type=\"application\/ld+json\" class=\"yoast-schema-graph\">{\"@context\":\"https:\\\/\\\/schema.org\",\"@graph\":[{\"@type\":\"Article\",\"@id\":\"https:\\\/\\\/comunus.ch\\\/augmentation-de-capital-annonce-des-conditions-demission-du-2-avril-2026\\\/#article\",\"isPartOf\":{\"@id\":\"https:\\\/\\\/comunus.ch\\\/augmentation-de-capital-annonce-des-conditions-demission-du-2-avril-2026\\\/\"},\"author\":{\"name\":\"Comunus\",\"@id\":\"https:\\\/\\\/comunus.ch\\\/#\\\/schema\\\/person\\\/09fd7208ff0bb22afaf011090845c331\"},\"headline\":\"Augmentation de capital &#8211; Annonce des conditions d\u2019\u00e9mission du 2 avril 2026\",\"datePublished\":\"2026-03-09T16:44:59+00:00\",\"dateModified\":\"2026-03-10T09:08:00+00:00\",\"mainEntityOfPage\":{\"@id\":\"https:\\\/\\\/comunus.ch\\\/augmentation-de-capital-annonce-des-conditions-demission-du-2-avril-2026\\\/\"},\"wordCount\":238,\"publisher\":{\"@id\":\"https:\\\/\\\/comunus.ch\\\/#organization\"},\"image\":{\"@id\":\"https:\\\/\\\/comunus.ch\\\/augmentation-de-capital-annonce-des-conditions-demission-du-2-avril-2026\\\/#primaryimage\"},\"thumbnailUrl\":\"https:\\\/\\\/comunus.ch\\\/wp-content\\\/uploads\\\/2023\\\/07\\\/Actu_CapitalPrevue.jpg\",\"articleSection\":[\"Actualit\u00e9s\"],\"inLanguage\":\"de\"},{\"@type\":\"WebPage\",\"@id\":\"https:\\\/\\\/comunus.ch\\\/augmentation-de-capital-annonce-des-conditions-demission-du-2-avril-2026\\\/\",\"url\":\"https:\\\/\\\/comunus.ch\\\/augmentation-de-capital-annonce-des-conditions-demission-du-2-avril-2026\\\/\",\"name\":\"Augmentation de capital - Annonce des conditions d\u2019\u00e9mission du 2 avril 2026 - Comunus\",\"isPartOf\":{\"@id\":\"https:\\\/\\\/comunus.ch\\\/#website\"},\"primaryImageOfPage\":{\"@id\":\"https:\\\/\\\/comunus.ch\\\/augmentation-de-capital-annonce-des-conditions-demission-du-2-avril-2026\\\/#primaryimage\"},\"image\":{\"@id\":\"https:\\\/\\\/comunus.ch\\\/augmentation-de-capital-annonce-des-conditions-demission-du-2-avril-2026\\\/#primaryimage\"},\"thumbnailUrl\":\"https:\\\/\\\/comunus.ch\\\/wp-content\\\/uploads\\\/2023\\\/07\\\/Actu_CapitalPrevue.jpg\",\"datePublished\":\"2026-03-09T16:44:59+00:00\",\"dateModified\":\"2026-03-10T09:08:00+00:00\",\"breadcrumb\":{\"@id\":\"https:\\\/\\\/comunus.ch\\\/augmentation-de-capital-annonce-des-conditions-demission-du-2-avril-2026\\\/#breadcrumb\"},\"inLanguage\":\"de\",\"potentialAction\":[{\"@type\":\"ReadAction\",\"target\":[\"https:\\\/\\\/comunus.ch\\\/augmentation-de-capital-annonce-des-conditions-demission-du-2-avril-2026\\\/\"]}]},{\"@type\":\"ImageObject\",\"inLanguage\":\"de\",\"@id\":\"https:\\\/\\\/comunus.ch\\\/augmentation-de-capital-annonce-des-conditions-demission-du-2-avril-2026\\\/#primaryimage\",\"url\":\"https:\\\/\\\/comunus.ch\\\/wp-content\\\/uploads\\\/2023\\\/07\\\/Actu_CapitalPrevue.jpg\",\"contentUrl\":\"https:\\\/\\\/comunus.ch\\\/wp-content\\\/uploads\\\/2023\\\/07\\\/Actu_CapitalPrevue.jpg\",\"width\":1024,\"height\":683},{\"@type\":\"BreadcrumbList\",\"@id\":\"https:\\\/\\\/comunus.ch\\\/augmentation-de-capital-annonce-des-conditions-demission-du-2-avril-2026\\\/#breadcrumb\",\"itemListElement\":[{\"@type\":\"ListItem\",\"position\":1,\"name\":\"Home\",\"item\":\"https:\\\/\\\/comunus.ch\\\/de\\\/\"},{\"@type\":\"ListItem\",\"position\":2,\"name\":\"Augmentation de capital &#8211; Annonce des conditions d\u2019\u00e9mission du 2 avril 2026\"}]},{\"@type\":\"WebSite\",\"@id\":\"https:\\\/\\\/comunus.ch\\\/#website\",\"url\":\"https:\\\/\\\/comunus.ch\\\/\",\"name\":\"Comunus\",\"description\":\"Fonds pour investisseurs qualifi\u00e9s\",\"publisher\":{\"@id\":\"https:\\\/\\\/comunus.ch\\\/#organization\"},\"potentialAction\":[{\"@type\":\"SearchAction\",\"target\":{\"@type\":\"EntryPoint\",\"urlTemplate\":\"https:\\\/\\\/comunus.ch\\\/?s={search_term_string}\"},\"query-input\":{\"@type\":\"PropertyValueSpecification\",\"valueRequired\":true,\"valueName\":\"search_term_string\"}}],\"inLanguage\":\"de\"},{\"@type\":\"Organization\",\"@id\":\"https:\\\/\\\/comunus.ch\\\/#organization\",\"name\":\"Comunus\",\"url\":\"https:\\\/\\\/comunus.ch\\\/\",\"logo\":{\"@type\":\"ImageObject\",\"inLanguage\":\"de\",\"@id\":\"https:\\\/\\\/comunus.ch\\\/#\\\/schema\\\/logo\\\/image\\\/\",\"url\":\"https:\\\/\\\/comunus.ch\\\/wp-content\\\/uploads\\\/2023\\\/07\\\/logo-comunus.svg\",\"contentUrl\":\"https:\\\/\\\/comunus.ch\\\/wp-content\\\/uploads\\\/2023\\\/07\\\/logo-comunus.svg\",\"width\":190,\"height\":26,\"caption\":\"Comunus\"},\"image\":{\"@id\":\"https:\\\/\\\/comunus.ch\\\/#\\\/schema\\\/logo\\\/image\\\/\"}},{\"@type\":\"Person\",\"@id\":\"https:\\\/\\\/comunus.ch\\\/#\\\/schema\\\/person\\\/09fd7208ff0bb22afaf011090845c331\",\"name\":\"Comunus\",\"image\":{\"@type\":\"ImageObject\",\"inLanguage\":\"de\",\"@id\":\"https:\\\/\\\/secure.gravatar.com\\\/avatar\\\/22a43bcdb37518e1004920f2e42ae92c2744ff38ba3a5b194cdcd23c842ba884?s=96&d=mm&r=g\",\"url\":\"https:\\\/\\\/secure.gravatar.com\\\/avatar\\\/22a43bcdb37518e1004920f2e42ae92c2744ff38ba3a5b194cdcd23c842ba884?s=96&d=mm&r=g\",\"contentUrl\":\"https:\\\/\\\/secure.gravatar.com\\\/avatar\\\/22a43bcdb37518e1004920f2e42ae92c2744ff38ba3a5b194cdcd23c842ba884?s=96&d=mm&r=g\",\"caption\":\"Comunus\"},\"url\":\"https:\\\/\\\/comunus.ch\\\/de\\\/author\\\/editeurcomunus\\\/\"}]}<\/script>\n<!-- \/ Yoast SEO plugin. -->","yoast_head_json":{"title":"Augmentation de capital - Annonce des conditions d\u2019\u00e9mission du 2 avril 2026 - Comunus","robots":{"index":"index","follow":"follow","max-snippet":"max-snippet:-1","max-image-preview":"max-image-preview:large","max-video-preview":"max-video-preview:-1"},"canonical":"https:\/\/comunus.ch\/augmentation-de-capital-annonce-des-conditions-demission-du-2-avril-2026\/","og_locale":"de_DE","og_type":"article","og_title":"Augmentation de capital - Annonce des conditions d\u2019\u00e9mission du 2 avril 2026 - Comunus","og_description":"9 mars 2026 &#8211; Publication des conditions de l\u2019\u00e9mission du 2 avril 2026 En lien avec les communications pr\u00e9c\u00e9dentes, Comunus [&hellip;]","og_url":"https:\/\/comunus.ch\/augmentation-de-capital-annonce-des-conditions-demission-du-2-avril-2026\/","og_site_name":"Comunus","article_published_time":"2026-03-09T16:44:59+00:00","article_modified_time":"2026-03-10T09:08:00+00:00","og_image":[{"width":1024,"height":683,"url":"https:\/\/comunus.ch\/wp-content\/uploads\/2023\/07\/Actu_CapitalPrevue.jpg","type":"image\/jpeg"}],"author":"Comunus","twitter_card":"summary_large_image","twitter_misc":{"Verfasst von":"Comunus","Gesch\u00e4tzte Lesezeit":"2\u00a0Minuten"},"schema":{"@context":"https:\/\/schema.org","@graph":[{"@type":"Article","@id":"https:\/\/comunus.ch\/augmentation-de-capital-annonce-des-conditions-demission-du-2-avril-2026\/#article","isPartOf":{"@id":"https:\/\/comunus.ch\/augmentation-de-capital-annonce-des-conditions-demission-du-2-avril-2026\/"},"author":{"name":"Comunus","@id":"https:\/\/comunus.ch\/#\/schema\/person\/09fd7208ff0bb22afaf011090845c331"},"headline":"Augmentation de capital &#8211; Annonce des conditions d\u2019\u00e9mission du 2 avril 2026","datePublished":"2026-03-09T16:44:59+00:00","dateModified":"2026-03-10T09:08:00+00:00","mainEntityOfPage":{"@id":"https:\/\/comunus.ch\/augmentation-de-capital-annonce-des-conditions-demission-du-2-avril-2026\/"},"wordCount":238,"publisher":{"@id":"https:\/\/comunus.ch\/#organization"},"image":{"@id":"https:\/\/comunus.ch\/augmentation-de-capital-annonce-des-conditions-demission-du-2-avril-2026\/#primaryimage"},"thumbnailUrl":"https:\/\/comunus.ch\/wp-content\/uploads\/2023\/07\/Actu_CapitalPrevue.jpg","articleSection":["Actualit\u00e9s"],"inLanguage":"de"},{"@type":"WebPage","@id":"https:\/\/comunus.ch\/augmentation-de-capital-annonce-des-conditions-demission-du-2-avril-2026\/","url":"https:\/\/comunus.ch\/augmentation-de-capital-annonce-des-conditions-demission-du-2-avril-2026\/","name":"Augmentation de capital - Annonce des conditions d\u2019\u00e9mission du 2 avril 2026 - Comunus","isPartOf":{"@id":"https:\/\/comunus.ch\/#website"},"primaryImageOfPage":{"@id":"https:\/\/comunus.ch\/augmentation-de-capital-annonce-des-conditions-demission-du-2-avril-2026\/#primaryimage"},"image":{"@id":"https:\/\/comunus.ch\/augmentation-de-capital-annonce-des-conditions-demission-du-2-avril-2026\/#primaryimage"},"thumbnailUrl":"https:\/\/comunus.ch\/wp-content\/uploads\/2023\/07\/Actu_CapitalPrevue.jpg","datePublished":"2026-03-09T16:44:59+00:00","dateModified":"2026-03-10T09:08:00+00:00","breadcrumb":{"@id":"https:\/\/comunus.ch\/augmentation-de-capital-annonce-des-conditions-demission-du-2-avril-2026\/#breadcrumb"},"inLanguage":"de","potentialAction":[{"@type":"ReadAction","target":["https:\/\/comunus.ch\/augmentation-de-capital-annonce-des-conditions-demission-du-2-avril-2026\/"]}]},{"@type":"ImageObject","inLanguage":"de","@id":"https:\/\/comunus.ch\/augmentation-de-capital-annonce-des-conditions-demission-du-2-avril-2026\/#primaryimage","url":"https:\/\/comunus.ch\/wp-content\/uploads\/2023\/07\/Actu_CapitalPrevue.jpg","contentUrl":"https:\/\/comunus.ch\/wp-content\/uploads\/2023\/07\/Actu_CapitalPrevue.jpg","width":1024,"height":683},{"@type":"BreadcrumbList","@id":"https:\/\/comunus.ch\/augmentation-de-capital-annonce-des-conditions-demission-du-2-avril-2026\/#breadcrumb","itemListElement":[{"@type":"ListItem","position":1,"name":"Home","item":"https:\/\/comunus.ch\/de\/"},{"@type":"ListItem","position":2,"name":"Augmentation de capital &#8211; Annonce des conditions d\u2019\u00e9mission du 2 avril 2026"}]},{"@type":"WebSite","@id":"https:\/\/comunus.ch\/#website","url":"https:\/\/comunus.ch\/","name":"Comunus","description":"Fonds pour investisseurs qualifi\u00e9s","publisher":{"@id":"https:\/\/comunus.ch\/#organization"},"potentialAction":[{"@type":"SearchAction","target":{"@type":"EntryPoint","urlTemplate":"https:\/\/comunus.ch\/?s={search_term_string}"},"query-input":{"@type":"PropertyValueSpecification","valueRequired":true,"valueName":"search_term_string"}}],"inLanguage":"de"},{"@type":"Organization","@id":"https:\/\/comunus.ch\/#organization","name":"Comunus","url":"https:\/\/comunus.ch\/","logo":{"@type":"ImageObject","inLanguage":"de","@id":"https:\/\/comunus.ch\/#\/schema\/logo\/image\/","url":"https:\/\/comunus.ch\/wp-content\/uploads\/2023\/07\/logo-comunus.svg","contentUrl":"https:\/\/comunus.ch\/wp-content\/uploads\/2023\/07\/logo-comunus.svg","width":190,"height":26,"caption":"Comunus"},"image":{"@id":"https:\/\/comunus.ch\/#\/schema\/logo\/image\/"}},{"@type":"Person","@id":"https:\/\/comunus.ch\/#\/schema\/person\/09fd7208ff0bb22afaf011090845c331","name":"Comunus","image":{"@type":"ImageObject","inLanguage":"de","@id":"https:\/\/secure.gravatar.com\/avatar\/22a43bcdb37518e1004920f2e42ae92c2744ff38ba3a5b194cdcd23c842ba884?s=96&d=mm&r=g","url":"https:\/\/secure.gravatar.com\/avatar\/22a43bcdb37518e1004920f2e42ae92c2744ff38ba3a5b194cdcd23c842ba884?s=96&d=mm&r=g","contentUrl":"https:\/\/secure.gravatar.com\/avatar\/22a43bcdb37518e1004920f2e42ae92c2744ff38ba3a5b194cdcd23c842ba884?s=96&d=mm&r=g","caption":"Comunus"},"url":"https:\/\/comunus.ch\/de\/author\/editeurcomunus\/"}]}},"_links":{"self":[{"href":"https:\/\/comunus.ch\/de\/wp-json\/wp\/v2\/posts\/5346","targetHints":{"allow":["GET"]}}],"collection":[{"href":"https:\/\/comunus.ch\/de\/wp-json\/wp\/v2\/posts"}],"about":[{"href":"https:\/\/comunus.ch\/de\/wp-json\/wp\/v2\/types\/post"}],"author":[{"embeddable":true,"href":"https:\/\/comunus.ch\/de\/wp-json\/wp\/v2\/users\/4"}],"replies":[{"embeddable":true,"href":"https:\/\/comunus.ch\/de\/wp-json\/wp\/v2\/comments?post=5346"}],"version-history":[{"count":10,"href":"https:\/\/comunus.ch\/de\/wp-json\/wp\/v2\/posts\/5346\/revisions"}],"predecessor-version":[{"id":5385,"href":"https:\/\/comunus.ch\/de\/wp-json\/wp\/v2\/posts\/5346\/revisions\/5385"}],"wp:featuredmedia":[{"embeddable":true,"href":"https:\/\/comunus.ch\/de\/wp-json\/wp\/v2\/media\/2810"}],"wp:attachment":[{"href":"https:\/\/comunus.ch\/de\/wp-json\/wp\/v2\/media?parent=5346"}],"wp:term":[{"taxonomy":"category","embeddable":true,"href":"https:\/\/comunus.ch\/de\/wp-json\/wp\/v2\/categories?post=5346"},{"taxonomy":"post_tag","embeddable":true,"href":"https:\/\/comunus.ch\/de\/wp-json\/wp\/v2\/tags?post=5346"},{"taxonomy":"type-of-post","embeddable":true,"href":"https:\/\/comunus.ch\/de\/wp-json\/wp\/v2\/type-of-post?post=5346"},{"taxonomy":"post-year","embeddable":true,"href":"https:\/\/comunus.ch\/de\/wp-json\/wp\/v2\/post-year?post=5346"}],"curies":[{"name":"wp","href":"https:\/\/api.w.org\/{rel}","templated":true}]}}