{"id":5321,"date":"2026-03-05T06:46:41","date_gmt":"2026-03-05T05:46:41","guid":{"rendered":"https:\/\/comunus.ch\/?p=5321"},"modified":"2026-03-09T15:55:06","modified_gmt":"2026-03-09T14:55:06","slug":"publication-du-rapport-annuel-au-31-12-2025","status":"publish","type":"post","link":"https:\/\/comunus.ch\/de\/publication-du-rapport-annuel-au-31-12-2025\/","title":{"rendered":"Publication du rapport annuel au 31.12.2025"},"content":{"rendered":"\n<p><strong>Comunus<\/strong><strong>&nbsp;SICAV \u2013&nbsp;<\/strong><strong>Swiss<\/strong><strong>&nbsp;\u2013 Publication du rapport annuel au 31.12.2025&nbsp;<\/strong><\/p>\n\n\n\n<p><strong>Comunus<\/strong><strong>&nbsp;SICAV conclut l\u2019ann\u00e9e 2025 avec&nbsp;<\/strong><strong>d\u2019excellents r\u00e9sultats&nbsp;<\/strong><\/p>\n\n\n\n<ul class=\"wp-block-list\">\n<li>Revenus locatifs de CHF 31.6 millions, en hausse de 41.3%<\/li>\n<\/ul>\n\n\n\n<ul class=\"wp-block-list\">\n<li>Charges maitris\u00e9es (+32.24%) permettant une am\u00e9lioration de la rentabilit\u00e9 \u2013 EBIT \u00e0 67.34% (2024: 66.82%)<\/li>\n<\/ul>\n\n\n\n<ul class=\"wp-block-list\">\n<li>R\u00e9sultat net op\u00e9rationnel de CHF 18.1 millions\u00a0\u00a0(+52.8%) auxquels s\u2019ajoutent CHF 4.4 millions de gains r\u00e9alis\u00e9s sur ventes\u00a0<\/li>\n<\/ul>\n\n\n\n<ul class=\"wp-block-list\">\n<li>R\u00e9sultat r\u00e9alis\u00e9 total: CHF 22.5 millions en 2025 (2024: CHF 16.0 millions)<\/li>\n<\/ul>\n\n\n\n<ul class=\"wp-block-list\">\n<li>Paiement d\u2019un dividende de CHF 6.00 par action sous r\u00e9serve de l\u2019approbation de l\u2019assembl\u00e9e g\u00e9n\u00e9rale ordinaire du 26 mars 2026.\u00a0<\/li>\n<\/ul>\n\n\n\n<ul class=\"wp-block-list\">\n<li>La fortune totale a atteint CHF 949 millions, soit une hausse de 42.8%<\/li>\n<\/ul>\n\n\n\n<ul class=\"wp-block-list\">\n<li>La fortune nette atteint CHF 659 millions, soit une hausse de 42.8%<\/li>\n<\/ul>\n\n\n\n<ul class=\"wp-block-list\">\n<li>Faible taux de perte sur loyer \u00e0 1.74%<\/li>\n<\/ul>\n\n\n\n<ul class=\"wp-block-list\">\n<li>Rendement brut de 4.46% sur l\u2019ensemble du portefeuille<\/li>\n<\/ul>\n\n\n\n<ul class=\"wp-block-list\">\n<li>Solide performance boursi\u00e8re de 32.9% \u00e0 la suite de l\u2019entr\u00e9e en bourse du 8 octobre 2025<\/li>\n<\/ul>\n\n\n\n<p>Ces excellents r\u00e9sultats permettent de maintenir un dividende de CHF 6.00 par action, soit un rendement de 2.63% sur le cours de bourse \u00e0 la cl\u00f4ture.&nbsp;Ce dividende se compose de CHF 4.90 provenant du r\u00e9sultat net d\u2019exploitation de CHF 18.1 millions et de CHF 1.10 aliment\u00e9s par les CHF 4.4 millions de gains sur ventes, nets d\u2019imp\u00f4ts. Un montant de CHF 0.3 million s\u2019ajoute aux reports \u00e0 nouveau, pour atteindre CHF 21.7 millions au total. Ce montant pourra \u00eatre utilis\u00e9 ces prochaines ann\u00e9es si n\u00e9cessaire.<\/p>\n\n\n\n<p>La gestion active du portefeuille, tant au niveau des immeubles sous gestion que des transactions effectu\u00e9es, permettent d\u2019atteindre un excellent rendement brut de 4.46% sur l\u2019ensemble du portefeuille.&nbsp;<\/p>\n\n\n\n<p>Cette solide performance financi\u00e8re associ\u00e9e \u00e0 l\u2019entr\u00e9e en bourse avec un&nbsp;agio de 28.19% \u00e0 la cl\u00f4ture de l\u2019exercice 2025, t\u00e9moigne de la confiance des investisseurs dans la strat\u00e9gie et dans la qualit\u00e9 du portefeuille immobilier.&nbsp;<\/p>\n\n\n\n<p>Les perspectives pour l\u2019ann\u00e9e \u00e0 venir sont encourageantes et comme d\u00e9j\u00e0 annonc\u00e9 le 26 f\u00e9vrier dernier,&nbsp;Comunus&nbsp;pr\u00e9voit une augmentation de capital de CHF 80&nbsp;mios&nbsp;le 2 avril prochain avec une p\u00e9riode de souscription allant du 16 au 27 mars.&nbsp;&nbsp;<\/p>\n\n\n\n<p>Des informations d\u00e9taill\u00e9es sur les modalit\u00e9s de cette augmentation seront communiqu\u00e9es dans les prochains jours.<\/p>\n\n\n\n<p>L\u2019assembl\u00e9e g\u00e9n\u00e9rale ordinaire aura lieu le jeudi 26 mars 2026 \u00e0 11h00 au si\u00e8ge de la SICAV, \u00e0 Vevey. La date de paiement du dividende est pr\u00e9vue le 2 avril et la date ex-dividende a \u00e9t\u00e9 modifi\u00e9e et avanc\u00e9e au 12 mars 2026.&nbsp;<\/p>\n\n\n\n<p>Le rapport annuel au 31.12.2025 et la convocation \u00e0 l\u2019assembl\u00e9e g\u00e9n\u00e9rale sont disponibles sous le lien suivant:\u00a0<strong><a href=\"https:\/\/comunus.ch\/informations-investisseurs\/\">Information investisseurs<\/a><\/strong><\/p>\n\n\n\n<p><a href=\"https:\/\/comunus.ch\/wp-content\/uploads\/2026\/03\/Communique_Publication_Resultats_rapport-annuel_31.12.2025.pdf\" type=\"link\" id=\"https:\/\/comunus.ch\/wp-content\/uploads\/2026\/03\/Communique_Publication_Resultats_rapport-annuel_31.12.2025.pdf\"><strong>Communiqu\u00e9 de presse<\/strong><\/a><a href=\"https:\/\/comunus.ch\/wp-content\/uploads\/2024\/08\/Rapport-Semestriel-30.06.2024-version-finale-2.pdf\"><\/a><\/p>\n\n\n\n<p><\/p>\n","protected":false},"excerpt":{"rendered":"<p>Comunus&nbsp;SICAV \u2013&nbsp;Swiss&nbsp;\u2013 Publication du rapport annuel au 31.12.2025&nbsp; Comunus&nbsp;SICAV conclut l\u2019ann\u00e9e 2025 avec&nbsp;d\u2019excellents r\u00e9sultats&nbsp; Ces excellents r\u00e9sultats permettent de maintenir [&hellip;]<\/p>\n","protected":false},"author":4,"featured_media":5322,"comment_status":"closed","ping_status":"closed","sticky":false,"template":"","format":"standard","meta":{"_acf_changed":false,"footnotes":""},"categories":[3],"tags":[],"type-of-post":[89],"post-year":[99],"class_list":["post-5321","post","type-post","status-publish","format-standard","has-post-thumbnail","hentry","category-actualites","type-of-post-annonce-de-publicite-evenementielle-selon-lart-53-rc","post-year-99"],"acf":[],"yoast_head":"<!-- This site is optimized with the Yoast SEO plugin v27.4 - https:\/\/yoast.com\/product\/yoast-seo-wordpress\/ -->\n<title>Publication du rapport annuel au 31.12.2025 - Comunus<\/title>\n<meta name=\"robots\" content=\"index, follow, max-snippet:-1, max-image-preview:large, max-video-preview:-1\" \/>\n<link rel=\"canonical\" href=\"https:\/\/comunus.ch\/publication-du-rapport-annuel-au-31-12-2025\/\" \/>\n<meta property=\"og:locale\" content=\"de_DE\" \/>\n<meta property=\"og:type\" content=\"article\" \/>\n<meta property=\"og:title\" content=\"Publication du rapport annuel au 31.12.2025 - Comunus\" \/>\n<meta property=\"og:description\" content=\"Comunus&nbsp;SICAV \u2013&nbsp;Swiss&nbsp;\u2013 Publication du rapport annuel au 31.12.2025&nbsp; Comunus&nbsp;SICAV conclut l\u2019ann\u00e9e 2025 avec&nbsp;d\u2019excellents r\u00e9sultats&nbsp; Ces excellents r\u00e9sultats permettent de maintenir [&hellip;]\" \/>\n<meta property=\"og:url\" content=\"https:\/\/comunus.ch\/publication-du-rapport-annuel-au-31-12-2025\/\" \/>\n<meta property=\"og:site_name\" content=\"Comunus\" \/>\n<meta property=\"article:published_time\" content=\"2026-03-05T05:46:41+00:00\" \/>\n<meta property=\"article:modified_time\" content=\"2026-03-09T14:55:06+00:00\" \/>\n<meta property=\"og:image\" content=\"https:\/\/comunus.ch\/wp-content\/uploads\/2026\/03\/Pages-from-Rapport-Annuel-31.12.2025-scaled.jpg\" \/>\n\t<meta property=\"og:image:width\" content=\"1772\" \/>\n\t<meta property=\"og:image:height\" content=\"2560\" \/>\n\t<meta property=\"og:image:type\" content=\"image\/jpeg\" \/>\n<meta name=\"author\" content=\"Comunus\" \/>\n<meta name=\"twitter:card\" content=\"summary_large_image\" \/>\n<meta name=\"twitter:label1\" content=\"Verfasst von\" \/>\n\t<meta name=\"twitter:data1\" content=\"Comunus\" \/>\n\t<meta name=\"twitter:label2\" content=\"Gesch\u00e4tzte Lesezeit\" \/>\n\t<meta name=\"twitter:data2\" content=\"3\u00a0Minuten\" \/>\n<script type=\"application\/ld+json\" class=\"yoast-schema-graph\">{\"@context\":\"https:\\\/\\\/schema.org\",\"@graph\":[{\"@type\":\"Article\",\"@id\":\"https:\\\/\\\/comunus.ch\\\/publication-du-rapport-annuel-au-31-12-2025\\\/#article\",\"isPartOf\":{\"@id\":\"https:\\\/\\\/comunus.ch\\\/publication-du-rapport-annuel-au-31-12-2025\\\/\"},\"author\":{\"name\":\"Comunus\",\"@id\":\"https:\\\/\\\/comunus.ch\\\/#\\\/schema\\\/person\\\/09fd7208ff0bb22afaf011090845c331\"},\"headline\":\"Publication du rapport annuel au 31.12.2025\",\"datePublished\":\"2026-03-05T05:46:41+00:00\",\"dateModified\":\"2026-03-09T14:55:06+00:00\",\"mainEntityOfPage\":{\"@id\":\"https:\\\/\\\/comunus.ch\\\/publication-du-rapport-annuel-au-31-12-2025\\\/\"},\"wordCount\":449,\"publisher\":{\"@id\":\"https:\\\/\\\/comunus.ch\\\/#organization\"},\"image\":{\"@id\":\"https:\\\/\\\/comunus.ch\\\/publication-du-rapport-annuel-au-31-12-2025\\\/#primaryimage\"},\"thumbnailUrl\":\"https:\\\/\\\/comunus.ch\\\/wp-content\\\/uploads\\\/2026\\\/03\\\/Pages-from-Rapport-Annuel-31.12.2025-scaled.jpg\",\"articleSection\":[\"Actualit\u00e9s\"],\"inLanguage\":\"de\"},{\"@type\":\"WebPage\",\"@id\":\"https:\\\/\\\/comunus.ch\\\/publication-du-rapport-annuel-au-31-12-2025\\\/\",\"url\":\"https:\\\/\\\/comunus.ch\\\/publication-du-rapport-annuel-au-31-12-2025\\\/\",\"name\":\"Publication du rapport annuel au 31.12.2025 - Comunus\",\"isPartOf\":{\"@id\":\"https:\\\/\\\/comunus.ch\\\/#website\"},\"primaryImageOfPage\":{\"@id\":\"https:\\\/\\\/comunus.ch\\\/publication-du-rapport-annuel-au-31-12-2025\\\/#primaryimage\"},\"image\":{\"@id\":\"https:\\\/\\\/comunus.ch\\\/publication-du-rapport-annuel-au-31-12-2025\\\/#primaryimage\"},\"thumbnailUrl\":\"https:\\\/\\\/comunus.ch\\\/wp-content\\\/uploads\\\/2026\\\/03\\\/Pages-from-Rapport-Annuel-31.12.2025-scaled.jpg\",\"datePublished\":\"2026-03-05T05:46:41+00:00\",\"dateModified\":\"2026-03-09T14:55:06+00:00\",\"breadcrumb\":{\"@id\":\"https:\\\/\\\/comunus.ch\\\/publication-du-rapport-annuel-au-31-12-2025\\\/#breadcrumb\"},\"inLanguage\":\"de\",\"potentialAction\":[{\"@type\":\"ReadAction\",\"target\":[\"https:\\\/\\\/comunus.ch\\\/publication-du-rapport-annuel-au-31-12-2025\\\/\"]}]},{\"@type\":\"ImageObject\",\"inLanguage\":\"de\",\"@id\":\"https:\\\/\\\/comunus.ch\\\/publication-du-rapport-annuel-au-31-12-2025\\\/#primaryimage\",\"url\":\"https:\\\/\\\/comunus.ch\\\/wp-content\\\/uploads\\\/2026\\\/03\\\/Pages-from-Rapport-Annuel-31.12.2025-scaled.jpg\",\"contentUrl\":\"https:\\\/\\\/comunus.ch\\\/wp-content\\\/uploads\\\/2026\\\/03\\\/Pages-from-Rapport-Annuel-31.12.2025-scaled.jpg\",\"width\":1772,\"height\":2560},{\"@type\":\"BreadcrumbList\",\"@id\":\"https:\\\/\\\/comunus.ch\\\/publication-du-rapport-annuel-au-31-12-2025\\\/#breadcrumb\",\"itemListElement\":[{\"@type\":\"ListItem\",\"position\":1,\"name\":\"Home\",\"item\":\"https:\\\/\\\/comunus.ch\\\/de\\\/\"},{\"@type\":\"ListItem\",\"position\":2,\"name\":\"Publication du rapport annuel au 31.12.2025\"}]},{\"@type\":\"WebSite\",\"@id\":\"https:\\\/\\\/comunus.ch\\\/#website\",\"url\":\"https:\\\/\\\/comunus.ch\\\/\",\"name\":\"Comunus\",\"description\":\"Fonds pour investisseurs qualifi\u00e9s\",\"publisher\":{\"@id\":\"https:\\\/\\\/comunus.ch\\\/#organization\"},\"potentialAction\":[{\"@type\":\"SearchAction\",\"target\":{\"@type\":\"EntryPoint\",\"urlTemplate\":\"https:\\\/\\\/comunus.ch\\\/?s={search_term_string}\"},\"query-input\":{\"@type\":\"PropertyValueSpecification\",\"valueRequired\":true,\"valueName\":\"search_term_string\"}}],\"inLanguage\":\"de\"},{\"@type\":\"Organization\",\"@id\":\"https:\\\/\\\/comunus.ch\\\/#organization\",\"name\":\"Comunus\",\"url\":\"https:\\\/\\\/comunus.ch\\\/\",\"logo\":{\"@type\":\"ImageObject\",\"inLanguage\":\"de\",\"@id\":\"https:\\\/\\\/comunus.ch\\\/#\\\/schema\\\/logo\\\/image\\\/\",\"url\":\"https:\\\/\\\/comunus.ch\\\/wp-content\\\/uploads\\\/2023\\\/07\\\/logo-comunus.svg\",\"contentUrl\":\"https:\\\/\\\/comunus.ch\\\/wp-content\\\/uploads\\\/2023\\\/07\\\/logo-comunus.svg\",\"width\":190,\"height\":26,\"caption\":\"Comunus\"},\"image\":{\"@id\":\"https:\\\/\\\/comunus.ch\\\/#\\\/schema\\\/logo\\\/image\\\/\"}},{\"@type\":\"Person\",\"@id\":\"https:\\\/\\\/comunus.ch\\\/#\\\/schema\\\/person\\\/09fd7208ff0bb22afaf011090845c331\",\"name\":\"Comunus\",\"image\":{\"@type\":\"ImageObject\",\"inLanguage\":\"de\",\"@id\":\"https:\\\/\\\/secure.gravatar.com\\\/avatar\\\/22a43bcdb37518e1004920f2e42ae92c2744ff38ba3a5b194cdcd23c842ba884?s=96&d=mm&r=g\",\"url\":\"https:\\\/\\\/secure.gravatar.com\\\/avatar\\\/22a43bcdb37518e1004920f2e42ae92c2744ff38ba3a5b194cdcd23c842ba884?s=96&d=mm&r=g\",\"contentUrl\":\"https:\\\/\\\/secure.gravatar.com\\\/avatar\\\/22a43bcdb37518e1004920f2e42ae92c2744ff38ba3a5b194cdcd23c842ba884?s=96&d=mm&r=g\",\"caption\":\"Comunus\"},\"url\":\"https:\\\/\\\/comunus.ch\\\/de\\\/author\\\/editeurcomunus\\\/\"}]}<\/script>\n<!-- \/ Yoast SEO plugin. -->","yoast_head_json":{"title":"Publication du rapport annuel au 31.12.2025 - Comunus","robots":{"index":"index","follow":"follow","max-snippet":"max-snippet:-1","max-image-preview":"max-image-preview:large","max-video-preview":"max-video-preview:-1"},"canonical":"https:\/\/comunus.ch\/publication-du-rapport-annuel-au-31-12-2025\/","og_locale":"de_DE","og_type":"article","og_title":"Publication du rapport annuel au 31.12.2025 - Comunus","og_description":"Comunus&nbsp;SICAV \u2013&nbsp;Swiss&nbsp;\u2013 Publication du rapport annuel au 31.12.2025&nbsp; Comunus&nbsp;SICAV conclut l\u2019ann\u00e9e 2025 avec&nbsp;d\u2019excellents r\u00e9sultats&nbsp; Ces excellents r\u00e9sultats permettent de maintenir [&hellip;]","og_url":"https:\/\/comunus.ch\/publication-du-rapport-annuel-au-31-12-2025\/","og_site_name":"Comunus","article_published_time":"2026-03-05T05:46:41+00:00","article_modified_time":"2026-03-09T14:55:06+00:00","og_image":[{"width":1772,"height":2560,"url":"https:\/\/comunus.ch\/wp-content\/uploads\/2026\/03\/Pages-from-Rapport-Annuel-31.12.2025-scaled.jpg","type":"image\/jpeg"}],"author":"Comunus","twitter_card":"summary_large_image","twitter_misc":{"Verfasst von":"Comunus","Gesch\u00e4tzte Lesezeit":"3\u00a0Minuten"},"schema":{"@context":"https:\/\/schema.org","@graph":[{"@type":"Article","@id":"https:\/\/comunus.ch\/publication-du-rapport-annuel-au-31-12-2025\/#article","isPartOf":{"@id":"https:\/\/comunus.ch\/publication-du-rapport-annuel-au-31-12-2025\/"},"author":{"name":"Comunus","@id":"https:\/\/comunus.ch\/#\/schema\/person\/09fd7208ff0bb22afaf011090845c331"},"headline":"Publication du rapport annuel au 31.12.2025","datePublished":"2026-03-05T05:46:41+00:00","dateModified":"2026-03-09T14:55:06+00:00","mainEntityOfPage":{"@id":"https:\/\/comunus.ch\/publication-du-rapport-annuel-au-31-12-2025\/"},"wordCount":449,"publisher":{"@id":"https:\/\/comunus.ch\/#organization"},"image":{"@id":"https:\/\/comunus.ch\/publication-du-rapport-annuel-au-31-12-2025\/#primaryimage"},"thumbnailUrl":"https:\/\/comunus.ch\/wp-content\/uploads\/2026\/03\/Pages-from-Rapport-Annuel-31.12.2025-scaled.jpg","articleSection":["Actualit\u00e9s"],"inLanguage":"de"},{"@type":"WebPage","@id":"https:\/\/comunus.ch\/publication-du-rapport-annuel-au-31-12-2025\/","url":"https:\/\/comunus.ch\/publication-du-rapport-annuel-au-31-12-2025\/","name":"Publication du rapport annuel au 31.12.2025 - Comunus","isPartOf":{"@id":"https:\/\/comunus.ch\/#website"},"primaryImageOfPage":{"@id":"https:\/\/comunus.ch\/publication-du-rapport-annuel-au-31-12-2025\/#primaryimage"},"image":{"@id":"https:\/\/comunus.ch\/publication-du-rapport-annuel-au-31-12-2025\/#primaryimage"},"thumbnailUrl":"https:\/\/comunus.ch\/wp-content\/uploads\/2026\/03\/Pages-from-Rapport-Annuel-31.12.2025-scaled.jpg","datePublished":"2026-03-05T05:46:41+00:00","dateModified":"2026-03-09T14:55:06+00:00","breadcrumb":{"@id":"https:\/\/comunus.ch\/publication-du-rapport-annuel-au-31-12-2025\/#breadcrumb"},"inLanguage":"de","potentialAction":[{"@type":"ReadAction","target":["https:\/\/comunus.ch\/publication-du-rapport-annuel-au-31-12-2025\/"]}]},{"@type":"ImageObject","inLanguage":"de","@id":"https:\/\/comunus.ch\/publication-du-rapport-annuel-au-31-12-2025\/#primaryimage","url":"https:\/\/comunus.ch\/wp-content\/uploads\/2026\/03\/Pages-from-Rapport-Annuel-31.12.2025-scaled.jpg","contentUrl":"https:\/\/comunus.ch\/wp-content\/uploads\/2026\/03\/Pages-from-Rapport-Annuel-31.12.2025-scaled.jpg","width":1772,"height":2560},{"@type":"BreadcrumbList","@id":"https:\/\/comunus.ch\/publication-du-rapport-annuel-au-31-12-2025\/#breadcrumb","itemListElement":[{"@type":"ListItem","position":1,"name":"Home","item":"https:\/\/comunus.ch\/de\/"},{"@type":"ListItem","position":2,"name":"Publication du rapport annuel au 31.12.2025"}]},{"@type":"WebSite","@id":"https:\/\/comunus.ch\/#website","url":"https:\/\/comunus.ch\/","name":"Comunus","description":"Fonds pour investisseurs qualifi\u00e9s","publisher":{"@id":"https:\/\/comunus.ch\/#organization"},"potentialAction":[{"@type":"SearchAction","target":{"@type":"EntryPoint","urlTemplate":"https:\/\/comunus.ch\/?s={search_term_string}"},"query-input":{"@type":"PropertyValueSpecification","valueRequired":true,"valueName":"search_term_string"}}],"inLanguage":"de"},{"@type":"Organization","@id":"https:\/\/comunus.ch\/#organization","name":"Comunus","url":"https:\/\/comunus.ch\/","logo":{"@type":"ImageObject","inLanguage":"de","@id":"https:\/\/comunus.ch\/#\/schema\/logo\/image\/","url":"https:\/\/comunus.ch\/wp-content\/uploads\/2023\/07\/logo-comunus.svg","contentUrl":"https:\/\/comunus.ch\/wp-content\/uploads\/2023\/07\/logo-comunus.svg","width":190,"height":26,"caption":"Comunus"},"image":{"@id":"https:\/\/comunus.ch\/#\/schema\/logo\/image\/"}},{"@type":"Person","@id":"https:\/\/comunus.ch\/#\/schema\/person\/09fd7208ff0bb22afaf011090845c331","name":"Comunus","image":{"@type":"ImageObject","inLanguage":"de","@id":"https:\/\/secure.gravatar.com\/avatar\/22a43bcdb37518e1004920f2e42ae92c2744ff38ba3a5b194cdcd23c842ba884?s=96&d=mm&r=g","url":"https:\/\/secure.gravatar.com\/avatar\/22a43bcdb37518e1004920f2e42ae92c2744ff38ba3a5b194cdcd23c842ba884?s=96&d=mm&r=g","contentUrl":"https:\/\/secure.gravatar.com\/avatar\/22a43bcdb37518e1004920f2e42ae92c2744ff38ba3a5b194cdcd23c842ba884?s=96&d=mm&r=g","caption":"Comunus"},"url":"https:\/\/comunus.ch\/de\/author\/editeurcomunus\/"}]}},"_links":{"self":[{"href":"https:\/\/comunus.ch\/de\/wp-json\/wp\/v2\/posts\/5321","targetHints":{"allow":["GET"]}}],"collection":[{"href":"https:\/\/comunus.ch\/de\/wp-json\/wp\/v2\/posts"}],"about":[{"href":"https:\/\/comunus.ch\/de\/wp-json\/wp\/v2\/types\/post"}],"author":[{"embeddable":true,"href":"https:\/\/comunus.ch\/de\/wp-json\/wp\/v2\/users\/4"}],"replies":[{"embeddable":true,"href":"https:\/\/comunus.ch\/de\/wp-json\/wp\/v2\/comments?post=5321"}],"version-history":[{"count":4,"href":"https:\/\/comunus.ch\/de\/wp-json\/wp\/v2\/posts\/5321\/revisions"}],"predecessor-version":[{"id":5330,"href":"https:\/\/comunus.ch\/de\/wp-json\/wp\/v2\/posts\/5321\/revisions\/5330"}],"wp:featuredmedia":[{"embeddable":true,"href":"https:\/\/comunus.ch\/de\/wp-json\/wp\/v2\/media\/5322"}],"wp:attachment":[{"href":"https:\/\/comunus.ch\/de\/wp-json\/wp\/v2\/media?parent=5321"}],"wp:term":[{"taxonomy":"category","embeddable":true,"href":"https:\/\/comunus.ch\/de\/wp-json\/wp\/v2\/categories?post=5321"},{"taxonomy":"post_tag","embeddable":true,"href":"https:\/\/comunus.ch\/de\/wp-json\/wp\/v2\/tags?post=5321"},{"taxonomy":"type-of-post","embeddable":true,"href":"https:\/\/comunus.ch\/de\/wp-json\/wp\/v2\/type-of-post?post=5321"},{"taxonomy":"post-year","embeddable":true,"href":"https:\/\/comunus.ch\/de\/wp-json\/wp\/v2\/post-year?post=5321"}],"curies":[{"name":"wp","href":"https:\/\/api.w.org\/{rel}","templated":true}]}}