{"id":5160,"date":"2025-12-18T18:20:24","date_gmt":"2025-12-18T17:20:24","guid":{"rendered":"https:\/\/comunus.ch\/?p=5160"},"modified":"2025-12-18T18:20:26","modified_gmt":"2025-12-18T17:20:26","slug":"augmentation-de-capital-entierement-souscrite","status":"publish","type":"post","link":"https:\/\/comunus.ch\/de\/augmentation-de-capital-entierement-souscrite\/","title":{"rendered":"Augmentation de capital enti\u00e8rement souscrite"},"content":{"rendered":"\n<p>Cl\u00f4tur\u00e9e le 12 d\u00e9cembre 2025, cette augmentation de capital s\u2019est accompagn\u00e9e de l\u2019\u00e9mission de<strong>\u00a0168&#8217;074<\/strong>\u00a0nouvelles actions, portant le total en circulation \u00e0 <strong>3\u2019697\u2019641<\/strong>. Les nouvelles actions seront lib\u00e9r\u00e9es le 19 d\u00e9cembre 2025.<\/p>\n\n\n\n<p>Le produit de l\u2019\u00e9mission est destin\u00e9 \u00e0 financer l\u2019acquisition de 6 immeubles r\u00e9sidentiels situ\u00e9s dans l\u2019arc l\u00e9manique pour un montant de CHF 57 millions.<\/p>\n\n\n\n<p>Ces immeubles offrent un fort potentiel de valorisation \u00e0 long terme et contribueront \u00e0 l\u2019am\u00e9lioration du rendement du Fonds.<\/p>\n\n\n\n<p>\n  Pour information, les \u00e9ch\u00e9ances pour la cl\u00f4ture au 31.12.2025 sont les suivantes :\n<\/p>\n\n\n\n<p><a style=\"text-decoration:none; pointer-events:none;\" href=\"#\">\u00c9ch\u00e9ancier pour la cl\u00f4ture au 31.12.2025 <\/a><strong> <\/strong><\/p>\n\n\n\n<p>Publication des r\u00e9sultats : 5 mars 2026 (apr\u00e8s la cl\u00f4ture de la Bourse)<\/p>\n\n\n\n<p>Assembl\u00e9e g\u00e9n\u00e9rale ordinaire : 26 mars 2026<\/p>\n\n\n\n<p>Date ex du dividende : 31 mars 2026<\/p>\n\n\n\n<p>Date de paiement du dividende : 2 avril 2026<\/p>\n\n\n\n<p><strong><a href=\"https:\/\/comunus.ch\/wp-content\/uploads\/2025\/12\/Ad_hoc_Resultat_AC_Decembre_2025_VF.pdf\">Augmentation Capital D\u00e9cembre 2025  <\/a><\/strong><\/p>\n\n\n\n<p><\/p>\n","protected":false},"excerpt":{"rendered":"<p>Cl\u00f4tur\u00e9e le 12 d\u00e9cembre 2025, cette augmentation de capital s\u2019est accompagn\u00e9e de l\u2019\u00e9mission de\u00a0168&#8217;074\u00a0nouvelles actions, portant le total en circulation [&hellip;]<\/p>\n","protected":false},"author":4,"featured_media":5161,"comment_status":"closed","ping_status":"closed","sticky":false,"template":"","format":"standard","meta":{"_acf_changed":false,"footnotes":""},"categories":[3],"tags":[],"type-of-post":[89],"post-year":[95],"class_list":["post-5160","post","type-post","status-publish","format-standard","has-post-thumbnail","hentry","category-actualites","type-of-post-annonce-de-publicite-evenementielle-selon-lart-53-rc","post-year-95"],"acf":[],"yoast_head":"<!-- This site is optimized with the Yoast SEO plugin v27.4 - https:\/\/yoast.com\/product\/yoast-seo-wordpress\/ -->\n<title>Augmentation de capital enti\u00e8rement souscrite - Comunus<\/title>\n<meta name=\"robots\" content=\"index, follow, max-snippet:-1, max-image-preview:large, max-video-preview:-1\" \/>\n<link rel=\"canonical\" href=\"https:\/\/comunus.ch\/augmentation-de-capital-entierement-souscrite\/\" \/>\n<meta property=\"og:locale\" content=\"de_DE\" \/>\n<meta property=\"og:type\" content=\"article\" \/>\n<meta property=\"og:title\" content=\"Augmentation de capital enti\u00e8rement souscrite - Comunus\" \/>\n<meta property=\"og:description\" content=\"Cl\u00f4tur\u00e9e le 12 d\u00e9cembre 2025, cette augmentation de capital s\u2019est accompagn\u00e9e de l\u2019\u00e9mission de\u00a0168&#8217;074\u00a0nouvelles actions, portant le total en circulation [&hellip;]\" \/>\n<meta property=\"og:url\" content=\"https:\/\/comunus.ch\/augmentation-de-capital-entierement-souscrite\/\" \/>\n<meta property=\"og:site_name\" content=\"Comunus\" \/>\n<meta property=\"article:published_time\" content=\"2025-12-18T17:20:24+00:00\" \/>\n<meta property=\"article:modified_time\" content=\"2025-12-18T17:20:26+00:00\" \/>\n<meta property=\"og:image\" content=\"https:\/\/comunus.ch\/wp-content\/uploads\/2025\/12\/DJI_20250910115222_0149_D-768x568.png\" \/>\n\t<meta property=\"og:image:width\" content=\"768\" \/>\n\t<meta property=\"og:image:height\" content=\"568\" \/>\n\t<meta property=\"og:image:type\" content=\"image\/png\" \/>\n<meta name=\"author\" content=\"Comunus\" \/>\n<meta name=\"twitter:card\" content=\"summary_large_image\" \/>\n<meta name=\"twitter:label1\" content=\"Verfasst von\" \/>\n\t<meta name=\"twitter:data1\" content=\"Comunus\" \/>\n\t<meta name=\"twitter:label2\" content=\"Gesch\u00e4tzte Lesezeit\" \/>\n\t<meta name=\"twitter:data2\" content=\"1\u00a0Minute\" \/>\n<script type=\"application\/ld+json\" class=\"yoast-schema-graph\">{\"@context\":\"https:\\\/\\\/schema.org\",\"@graph\":[{\"@type\":\"Article\",\"@id\":\"https:\\\/\\\/comunus.ch\\\/augmentation-de-capital-entierement-souscrite\\\/#article\",\"isPartOf\":{\"@id\":\"https:\\\/\\\/comunus.ch\\\/augmentation-de-capital-entierement-souscrite\\\/\"},\"author\":{\"name\":\"Comunus\",\"@id\":\"https:\\\/\\\/comunus.ch\\\/#\\\/schema\\\/person\\\/09fd7208ff0bb22afaf011090845c331\"},\"headline\":\"Augmentation de capital enti\u00e8rement souscrite\",\"datePublished\":\"2025-12-18T17:20:24+00:00\",\"dateModified\":\"2025-12-18T17:20:26+00:00\",\"mainEntityOfPage\":{\"@id\":\"https:\\\/\\\/comunus.ch\\\/augmentation-de-capital-entierement-souscrite\\\/\"},\"wordCount\":142,\"publisher\":{\"@id\":\"https:\\\/\\\/comunus.ch\\\/#organization\"},\"image\":{\"@id\":\"https:\\\/\\\/comunus.ch\\\/augmentation-de-capital-entierement-souscrite\\\/#primaryimage\"},\"thumbnailUrl\":\"https:\\\/\\\/comunus.ch\\\/wp-content\\\/uploads\\\/2025\\\/12\\\/DJI_20250910115222_0149_D-scaled.png\",\"articleSection\":[\"Actualit\u00e9s\"],\"inLanguage\":\"de\"},{\"@type\":\"WebPage\",\"@id\":\"https:\\\/\\\/comunus.ch\\\/augmentation-de-capital-entierement-souscrite\\\/\",\"url\":\"https:\\\/\\\/comunus.ch\\\/augmentation-de-capital-entierement-souscrite\\\/\",\"name\":\"Augmentation de capital enti\u00e8rement souscrite - Comunus\",\"isPartOf\":{\"@id\":\"https:\\\/\\\/comunus.ch\\\/#website\"},\"primaryImageOfPage\":{\"@id\":\"https:\\\/\\\/comunus.ch\\\/augmentation-de-capital-entierement-souscrite\\\/#primaryimage\"},\"image\":{\"@id\":\"https:\\\/\\\/comunus.ch\\\/augmentation-de-capital-entierement-souscrite\\\/#primaryimage\"},\"thumbnailUrl\":\"https:\\\/\\\/comunus.ch\\\/wp-content\\\/uploads\\\/2025\\\/12\\\/DJI_20250910115222_0149_D-scaled.png\",\"datePublished\":\"2025-12-18T17:20:24+00:00\",\"dateModified\":\"2025-12-18T17:20:26+00:00\",\"breadcrumb\":{\"@id\":\"https:\\\/\\\/comunus.ch\\\/augmentation-de-capital-entierement-souscrite\\\/#breadcrumb\"},\"inLanguage\":\"de\",\"potentialAction\":[{\"@type\":\"ReadAction\",\"target\":[\"https:\\\/\\\/comunus.ch\\\/augmentation-de-capital-entierement-souscrite\\\/\"]}]},{\"@type\":\"ImageObject\",\"inLanguage\":\"de\",\"@id\":\"https:\\\/\\\/comunus.ch\\\/augmentation-de-capital-entierement-souscrite\\\/#primaryimage\",\"url\":\"https:\\\/\\\/comunus.ch\\\/wp-content\\\/uploads\\\/2025\\\/12\\\/DJI_20250910115222_0149_D-scaled.png\",\"contentUrl\":\"https:\\\/\\\/comunus.ch\\\/wp-content\\\/uploads\\\/2025\\\/12\\\/DJI_20250910115222_0149_D-scaled.png\",\"width\":2560,\"height\":1893},{\"@type\":\"BreadcrumbList\",\"@id\":\"https:\\\/\\\/comunus.ch\\\/augmentation-de-capital-entierement-souscrite\\\/#breadcrumb\",\"itemListElement\":[{\"@type\":\"ListItem\",\"position\":1,\"name\":\"Home\",\"item\":\"https:\\\/\\\/comunus.ch\\\/de\\\/\"},{\"@type\":\"ListItem\",\"position\":2,\"name\":\"Augmentation de capital enti\u00e8rement souscrite\"}]},{\"@type\":\"WebSite\",\"@id\":\"https:\\\/\\\/comunus.ch\\\/#website\",\"url\":\"https:\\\/\\\/comunus.ch\\\/\",\"name\":\"Comunus\",\"description\":\"Fonds pour investisseurs qualifi\u00e9s\",\"publisher\":{\"@id\":\"https:\\\/\\\/comunus.ch\\\/#organization\"},\"potentialAction\":[{\"@type\":\"SearchAction\",\"target\":{\"@type\":\"EntryPoint\",\"urlTemplate\":\"https:\\\/\\\/comunus.ch\\\/?s={search_term_string}\"},\"query-input\":{\"@type\":\"PropertyValueSpecification\",\"valueRequired\":true,\"valueName\":\"search_term_string\"}}],\"inLanguage\":\"de\"},{\"@type\":\"Organization\",\"@id\":\"https:\\\/\\\/comunus.ch\\\/#organization\",\"name\":\"Comunus\",\"url\":\"https:\\\/\\\/comunus.ch\\\/\",\"logo\":{\"@type\":\"ImageObject\",\"inLanguage\":\"de\",\"@id\":\"https:\\\/\\\/comunus.ch\\\/#\\\/schema\\\/logo\\\/image\\\/\",\"url\":\"https:\\\/\\\/comunus.ch\\\/wp-content\\\/uploads\\\/2023\\\/07\\\/logo-comunus.svg\",\"contentUrl\":\"https:\\\/\\\/comunus.ch\\\/wp-content\\\/uploads\\\/2023\\\/07\\\/logo-comunus.svg\",\"width\":190,\"height\":26,\"caption\":\"Comunus\"},\"image\":{\"@id\":\"https:\\\/\\\/comunus.ch\\\/#\\\/schema\\\/logo\\\/image\\\/\"}},{\"@type\":\"Person\",\"@id\":\"https:\\\/\\\/comunus.ch\\\/#\\\/schema\\\/person\\\/09fd7208ff0bb22afaf011090845c331\",\"name\":\"Comunus\",\"image\":{\"@type\":\"ImageObject\",\"inLanguage\":\"de\",\"@id\":\"https:\\\/\\\/secure.gravatar.com\\\/avatar\\\/22a43bcdb37518e1004920f2e42ae92c2744ff38ba3a5b194cdcd23c842ba884?s=96&d=mm&r=g\",\"url\":\"https:\\\/\\\/secure.gravatar.com\\\/avatar\\\/22a43bcdb37518e1004920f2e42ae92c2744ff38ba3a5b194cdcd23c842ba884?s=96&d=mm&r=g\",\"contentUrl\":\"https:\\\/\\\/secure.gravatar.com\\\/avatar\\\/22a43bcdb37518e1004920f2e42ae92c2744ff38ba3a5b194cdcd23c842ba884?s=96&d=mm&r=g\",\"caption\":\"Comunus\"},\"url\":\"https:\\\/\\\/comunus.ch\\\/de\\\/author\\\/editeurcomunus\\\/\"}]}<\/script>\n<!-- \/ Yoast SEO plugin. -->","yoast_head_json":{"title":"Augmentation de capital enti\u00e8rement souscrite - Comunus","robots":{"index":"index","follow":"follow","max-snippet":"max-snippet:-1","max-image-preview":"max-image-preview:large","max-video-preview":"max-video-preview:-1"},"canonical":"https:\/\/comunus.ch\/augmentation-de-capital-entierement-souscrite\/","og_locale":"de_DE","og_type":"article","og_title":"Augmentation de capital enti\u00e8rement souscrite - Comunus","og_description":"Cl\u00f4tur\u00e9e le 12 d\u00e9cembre 2025, cette augmentation de capital s\u2019est accompagn\u00e9e de l\u2019\u00e9mission de\u00a0168&#8217;074\u00a0nouvelles actions, portant le total en circulation [&hellip;]","og_url":"https:\/\/comunus.ch\/augmentation-de-capital-entierement-souscrite\/","og_site_name":"Comunus","article_published_time":"2025-12-18T17:20:24+00:00","article_modified_time":"2025-12-18T17:20:26+00:00","og_image":[{"width":768,"height":568,"url":"https:\/\/comunus.ch\/wp-content\/uploads\/2025\/12\/DJI_20250910115222_0149_D-768x568.png","type":"image\/png"}],"author":"Comunus","twitter_card":"summary_large_image","twitter_misc":{"Verfasst von":"Comunus","Gesch\u00e4tzte Lesezeit":"1\u00a0Minute"},"schema":{"@context":"https:\/\/schema.org","@graph":[{"@type":"Article","@id":"https:\/\/comunus.ch\/augmentation-de-capital-entierement-souscrite\/#article","isPartOf":{"@id":"https:\/\/comunus.ch\/augmentation-de-capital-entierement-souscrite\/"},"author":{"name":"Comunus","@id":"https:\/\/comunus.ch\/#\/schema\/person\/09fd7208ff0bb22afaf011090845c331"},"headline":"Augmentation de capital enti\u00e8rement souscrite","datePublished":"2025-12-18T17:20:24+00:00","dateModified":"2025-12-18T17:20:26+00:00","mainEntityOfPage":{"@id":"https:\/\/comunus.ch\/augmentation-de-capital-entierement-souscrite\/"},"wordCount":142,"publisher":{"@id":"https:\/\/comunus.ch\/#organization"},"image":{"@id":"https:\/\/comunus.ch\/augmentation-de-capital-entierement-souscrite\/#primaryimage"},"thumbnailUrl":"https:\/\/comunus.ch\/wp-content\/uploads\/2025\/12\/DJI_20250910115222_0149_D-scaled.png","articleSection":["Actualit\u00e9s"],"inLanguage":"de"},{"@type":"WebPage","@id":"https:\/\/comunus.ch\/augmentation-de-capital-entierement-souscrite\/","url":"https:\/\/comunus.ch\/augmentation-de-capital-entierement-souscrite\/","name":"Augmentation de capital enti\u00e8rement souscrite - Comunus","isPartOf":{"@id":"https:\/\/comunus.ch\/#website"},"primaryImageOfPage":{"@id":"https:\/\/comunus.ch\/augmentation-de-capital-entierement-souscrite\/#primaryimage"},"image":{"@id":"https:\/\/comunus.ch\/augmentation-de-capital-entierement-souscrite\/#primaryimage"},"thumbnailUrl":"https:\/\/comunus.ch\/wp-content\/uploads\/2025\/12\/DJI_20250910115222_0149_D-scaled.png","datePublished":"2025-12-18T17:20:24+00:00","dateModified":"2025-12-18T17:20:26+00:00","breadcrumb":{"@id":"https:\/\/comunus.ch\/augmentation-de-capital-entierement-souscrite\/#breadcrumb"},"inLanguage":"de","potentialAction":[{"@type":"ReadAction","target":["https:\/\/comunus.ch\/augmentation-de-capital-entierement-souscrite\/"]}]},{"@type":"ImageObject","inLanguage":"de","@id":"https:\/\/comunus.ch\/augmentation-de-capital-entierement-souscrite\/#primaryimage","url":"https:\/\/comunus.ch\/wp-content\/uploads\/2025\/12\/DJI_20250910115222_0149_D-scaled.png","contentUrl":"https:\/\/comunus.ch\/wp-content\/uploads\/2025\/12\/DJI_20250910115222_0149_D-scaled.png","width":2560,"height":1893},{"@type":"BreadcrumbList","@id":"https:\/\/comunus.ch\/augmentation-de-capital-entierement-souscrite\/#breadcrumb","itemListElement":[{"@type":"ListItem","position":1,"name":"Home","item":"https:\/\/comunus.ch\/de\/"},{"@type":"ListItem","position":2,"name":"Augmentation de capital enti\u00e8rement souscrite"}]},{"@type":"WebSite","@id":"https:\/\/comunus.ch\/#website","url":"https:\/\/comunus.ch\/","name":"Comunus","description":"Fonds pour investisseurs qualifi\u00e9s","publisher":{"@id":"https:\/\/comunus.ch\/#organization"},"potentialAction":[{"@type":"SearchAction","target":{"@type":"EntryPoint","urlTemplate":"https:\/\/comunus.ch\/?s={search_term_string}"},"query-input":{"@type":"PropertyValueSpecification","valueRequired":true,"valueName":"search_term_string"}}],"inLanguage":"de"},{"@type":"Organization","@id":"https:\/\/comunus.ch\/#organization","name":"Comunus","url":"https:\/\/comunus.ch\/","logo":{"@type":"ImageObject","inLanguage":"de","@id":"https:\/\/comunus.ch\/#\/schema\/logo\/image\/","url":"https:\/\/comunus.ch\/wp-content\/uploads\/2023\/07\/logo-comunus.svg","contentUrl":"https:\/\/comunus.ch\/wp-content\/uploads\/2023\/07\/logo-comunus.svg","width":190,"height":26,"caption":"Comunus"},"image":{"@id":"https:\/\/comunus.ch\/#\/schema\/logo\/image\/"}},{"@type":"Person","@id":"https:\/\/comunus.ch\/#\/schema\/person\/09fd7208ff0bb22afaf011090845c331","name":"Comunus","image":{"@type":"ImageObject","inLanguage":"de","@id":"https:\/\/secure.gravatar.com\/avatar\/22a43bcdb37518e1004920f2e42ae92c2744ff38ba3a5b194cdcd23c842ba884?s=96&d=mm&r=g","url":"https:\/\/secure.gravatar.com\/avatar\/22a43bcdb37518e1004920f2e42ae92c2744ff38ba3a5b194cdcd23c842ba884?s=96&d=mm&r=g","contentUrl":"https:\/\/secure.gravatar.com\/avatar\/22a43bcdb37518e1004920f2e42ae92c2744ff38ba3a5b194cdcd23c842ba884?s=96&d=mm&r=g","caption":"Comunus"},"url":"https:\/\/comunus.ch\/de\/author\/editeurcomunus\/"}]}},"_links":{"self":[{"href":"https:\/\/comunus.ch\/de\/wp-json\/wp\/v2\/posts\/5160","targetHints":{"allow":["GET"]}}],"collection":[{"href":"https:\/\/comunus.ch\/de\/wp-json\/wp\/v2\/posts"}],"about":[{"href":"https:\/\/comunus.ch\/de\/wp-json\/wp\/v2\/types\/post"}],"author":[{"embeddable":true,"href":"https:\/\/comunus.ch\/de\/wp-json\/wp\/v2\/users\/4"}],"replies":[{"embeddable":true,"href":"https:\/\/comunus.ch\/de\/wp-json\/wp\/v2\/comments?post=5160"}],"version-history":[{"count":9,"href":"https:\/\/comunus.ch\/de\/wp-json\/wp\/v2\/posts\/5160\/revisions"}],"predecessor-version":[{"id":5175,"href":"https:\/\/comunus.ch\/de\/wp-json\/wp\/v2\/posts\/5160\/revisions\/5175"}],"wp:featuredmedia":[{"embeddable":true,"href":"https:\/\/comunus.ch\/de\/wp-json\/wp\/v2\/media\/5161"}],"wp:attachment":[{"href":"https:\/\/comunus.ch\/de\/wp-json\/wp\/v2\/media?parent=5160"}],"wp:term":[{"taxonomy":"category","embeddable":true,"href":"https:\/\/comunus.ch\/de\/wp-json\/wp\/v2\/categories?post=5160"},{"taxonomy":"post_tag","embeddable":true,"href":"https:\/\/comunus.ch\/de\/wp-json\/wp\/v2\/tags?post=5160"},{"taxonomy":"type-of-post","embeddable":true,"href":"https:\/\/comunus.ch\/de\/wp-json\/wp\/v2\/type-of-post?post=5160"},{"taxonomy":"post-year","embeddable":true,"href":"https:\/\/comunus.ch\/de\/wp-json\/wp\/v2\/post-year?post=5160"}],"curies":[{"name":"wp","href":"https:\/\/api.w.org\/{rel}","templated":true}]}}