{"id":4880,"date":"2025-10-03T16:24:11","date_gmt":"2025-10-03T14:24:11","guid":{"rendered":"https:\/\/comunus.ch\/?p=4880"},"modified":"2025-10-05T13:41:52","modified_gmt":"2025-10-05T11:41:52","slug":"augmentation-de-capital-finalisee-avec-succes-avant-la-cotation-du-fonds-chf-70-millions-leves","status":"publish","type":"post","link":"https:\/\/comunus.ch\/de\/augmentation-de-capital-finalisee-avec-succes-avant-la-cotation-du-fonds-chf-70-millions-leves\/","title":{"rendered":"Augmentation de capital finalis\u00e9e avec succ\u00e8s avant la cotation du Fonds : CHF 70 millions lev\u00e9s"},"content":{"rendered":"\n<p><strong><strong>Comunus SICAV l\u00e8ve CHF 70 millions avant la cotation du Fonds le 8 octobre 2025<\/strong><\/strong><\/p>\n\n\n\n<p>La deuxi\u00e8me augmentation de capital de l\u2019ann\u00e9e pour Comunus SICAV a \u00e9t\u00e9 largement sursouscrite, permettant de lever CHF 70 millions. Cl\u00f4tur\u00e9e le 26 septembre 2025, cette op\u00e9ration a donn\u00e9 lieu \u00e0 l\u2019\u00e9mission de 381\u2019231 nouvelles actions, lib\u00e9r\u00e9es le 3 octobre, dont le produit servira \u00e0 l\u2019acquisition de sept immeubles en Suisse romande, \u00e0 la r\u00e9duction de l\u2019endettement et au financement de travaux sur des immeubles en d\u00e9veloppement.<\/p>\n\n\n\n<p>En parall\u00e8le, Comunus SICAV a r\u00e9alis\u00e9 des op\u00e9rations d\u2019apport en nature (Asset Swap) d\u2019un montant de CHF 20 millions (98\u2019482 actions), dont la lib\u00e9ration est pr\u00e9vue pour le 6 octobre 2025. Ces transactions ont permis l\u2019acquisition de quatre immeubles suppl\u00e9mentaires en Suisse romande.<\/p>\n\n\n\n<p>\u00c0 l\u2019issue de ces op\u00e9rations, la fortune brute du Fonds atteindra plus de CHF 930 millions, avant la cotation le 8 octobre 2025. Le nombre total d\u2019actions en circulation s\u2019\u00e9l\u00e8vera \u00e0 3\u2019529\u2019567.<\/p>\n\n\n\n<p>Depuis le d\u00e9but de l\u2019ann\u00e9e, CHF 128 millions ont \u00e9t\u00e9 lev\u00e9s, auxquels s\u2019ajoutent CHF 45 millions d\u2019apports en nature. Avec une fortune brute proche du milliard de CHF et un portefeuille de 70 immeubles, le Fonds poursuit activement ses objectifs de croissance qualitative fix\u00e9s par la Direction.<\/p>\n\n\n\n<p>Soutenue par une strat\u00e9gie coh\u00e9rente et une \u00e9quipe exp\u00e9riment\u00e9e, Comunus SICAV se positionne pour la cotation en bourse dans les meilleures conditions.<\/p>\n\n\n\n<p><a href=\"https:\/\/comunus.ch\/wp-content\/uploads\/2025\/10\/Information-Investisseurs_Augmentation-de-capital_03.10.2025_VF.pdf\" target=\"_blank\" rel=\"noreferrer noopener\"><strong>Information aux investisseurs, 3 octobre 2025<\/strong><\/a><br><br>Photo: Route des Arsenaux 9 \/ Rue du Simplon 13 \u00e0 Fribourg, l&#8217;une des derni\u00e8res acquisitions de Comunus SICAV.<\/p>\n\n\n\n<p><\/p>\n","protected":false},"excerpt":{"rendered":"<p>Comunus SICAV l\u00e8ve CHF 70 millions avant la cotation du Fonds le 8 octobre 2025 La deuxi\u00e8me augmentation de capital [&hellip;]<\/p>\n","protected":false},"author":4,"featured_media":4881,"comment_status":"closed","ping_status":"closed","sticky":false,"template":"","format":"standard","meta":{"_acf_changed":false,"footnotes":""},"categories":[3],"tags":[],"type-of-post":[],"post-year":[95],"class_list":["post-4880","post","type-post","status-publish","format-standard","has-post-thumbnail","hentry","category-actualites","post-year-95"],"acf":[],"yoast_head":"<!-- This site is optimized with the Yoast SEO plugin v27.4 - https:\/\/yoast.com\/product\/yoast-seo-wordpress\/ -->\n<title>Augmentation de capital finalis\u00e9e avec succ\u00e8s avant la cotation du Fonds : CHF 70 millions lev\u00e9s - Comunus<\/title>\n<meta name=\"robots\" content=\"index, follow, max-snippet:-1, max-image-preview:large, max-video-preview:-1\" \/>\n<link rel=\"canonical\" href=\"https:\/\/comunus.ch\/augmentation-de-capital-finalisee-avec-succes-avant-la-cotation-du-fonds-chf-70-millions-leves\/\" \/>\n<meta property=\"og:locale\" content=\"de_DE\" \/>\n<meta property=\"og:type\" content=\"article\" \/>\n<meta property=\"og:title\" content=\"Augmentation de capital finalis\u00e9e avec succ\u00e8s avant la cotation du Fonds : CHF 70 millions lev\u00e9s - Comunus\" \/>\n<meta property=\"og:description\" content=\"Comunus SICAV l\u00e8ve CHF 70 millions avant la cotation du Fonds le 8 octobre 2025 La deuxi\u00e8me augmentation de capital [&hellip;]\" \/>\n<meta property=\"og:url\" content=\"https:\/\/comunus.ch\/augmentation-de-capital-finalisee-avec-succes-avant-la-cotation-du-fonds-chf-70-millions-leves\/\" \/>\n<meta property=\"og:site_name\" content=\"Comunus\" \/>\n<meta property=\"article:published_time\" content=\"2025-10-03T14:24:11+00:00\" \/>\n<meta property=\"article:modified_time\" content=\"2025-10-05T11:41:52+00:00\" \/>\n<meta property=\"og:image\" content=\"https:\/\/comunus.ch\/wp-content\/uploads\/2025\/10\/IMG_1908-scaled.jpeg\" \/>\n\t<meta property=\"og:image:width\" content=\"2560\" \/>\n\t<meta property=\"og:image:height\" content=\"1920\" \/>\n\t<meta property=\"og:image:type\" content=\"image\/jpeg\" \/>\n<meta name=\"author\" content=\"Comunus\" \/>\n<meta name=\"twitter:card\" content=\"summary_large_image\" \/>\n<meta name=\"twitter:label1\" content=\"Verfasst von\" \/>\n\t<meta name=\"twitter:data1\" content=\"Comunus\" \/>\n\t<meta name=\"twitter:label2\" content=\"Gesch\u00e4tzte Lesezeit\" \/>\n\t<meta name=\"twitter:data2\" content=\"2\u00a0Minuten\" \/>\n<script type=\"application\/ld+json\" class=\"yoast-schema-graph\">{\"@context\":\"https:\\\/\\\/schema.org\",\"@graph\":[{\"@type\":\"Article\",\"@id\":\"https:\\\/\\\/comunus.ch\\\/augmentation-de-capital-finalisee-avec-succes-avant-la-cotation-du-fonds-chf-70-millions-leves\\\/#article\",\"isPartOf\":{\"@id\":\"https:\\\/\\\/comunus.ch\\\/augmentation-de-capital-finalisee-avec-succes-avant-la-cotation-du-fonds-chf-70-millions-leves\\\/\"},\"author\":{\"name\":\"Comunus\",\"@id\":\"https:\\\/\\\/comunus.ch\\\/#\\\/schema\\\/person\\\/09fd7208ff0bb22afaf011090845c331\"},\"headline\":\"Augmentation de capital finalis\u00e9e avec succ\u00e8s avant la cotation du Fonds : CHF 70 millions lev\u00e9s\",\"datePublished\":\"2025-10-03T14:24:11+00:00\",\"dateModified\":\"2025-10-05T11:41:52+00:00\",\"mainEntityOfPage\":{\"@id\":\"https:\\\/\\\/comunus.ch\\\/augmentation-de-capital-finalisee-avec-succes-avant-la-cotation-du-fonds-chf-70-millions-leves\\\/\"},\"wordCount\":279,\"publisher\":{\"@id\":\"https:\\\/\\\/comunus.ch\\\/#organization\"},\"image\":{\"@id\":\"https:\\\/\\\/comunus.ch\\\/augmentation-de-capital-finalisee-avec-succes-avant-la-cotation-du-fonds-chf-70-millions-leves\\\/#primaryimage\"},\"thumbnailUrl\":\"https:\\\/\\\/comunus.ch\\\/wp-content\\\/uploads\\\/2025\\\/10\\\/IMG_1908-scaled.jpeg\",\"articleSection\":[\"Actualit\u00e9s\"],\"inLanguage\":\"de\"},{\"@type\":\"WebPage\",\"@id\":\"https:\\\/\\\/comunus.ch\\\/augmentation-de-capital-finalisee-avec-succes-avant-la-cotation-du-fonds-chf-70-millions-leves\\\/\",\"url\":\"https:\\\/\\\/comunus.ch\\\/augmentation-de-capital-finalisee-avec-succes-avant-la-cotation-du-fonds-chf-70-millions-leves\\\/\",\"name\":\"Augmentation de capital finalis\u00e9e avec succ\u00e8s avant la cotation du Fonds : CHF 70 millions lev\u00e9s - Comunus\",\"isPartOf\":{\"@id\":\"https:\\\/\\\/comunus.ch\\\/#website\"},\"primaryImageOfPage\":{\"@id\":\"https:\\\/\\\/comunus.ch\\\/augmentation-de-capital-finalisee-avec-succes-avant-la-cotation-du-fonds-chf-70-millions-leves\\\/#primaryimage\"},\"image\":{\"@id\":\"https:\\\/\\\/comunus.ch\\\/augmentation-de-capital-finalisee-avec-succes-avant-la-cotation-du-fonds-chf-70-millions-leves\\\/#primaryimage\"},\"thumbnailUrl\":\"https:\\\/\\\/comunus.ch\\\/wp-content\\\/uploads\\\/2025\\\/10\\\/IMG_1908-scaled.jpeg\",\"datePublished\":\"2025-10-03T14:24:11+00:00\",\"dateModified\":\"2025-10-05T11:41:52+00:00\",\"breadcrumb\":{\"@id\":\"https:\\\/\\\/comunus.ch\\\/augmentation-de-capital-finalisee-avec-succes-avant-la-cotation-du-fonds-chf-70-millions-leves\\\/#breadcrumb\"},\"inLanguage\":\"de\",\"potentialAction\":[{\"@type\":\"ReadAction\",\"target\":[\"https:\\\/\\\/comunus.ch\\\/augmentation-de-capital-finalisee-avec-succes-avant-la-cotation-du-fonds-chf-70-millions-leves\\\/\"]}]},{\"@type\":\"ImageObject\",\"inLanguage\":\"de\",\"@id\":\"https:\\\/\\\/comunus.ch\\\/augmentation-de-capital-finalisee-avec-succes-avant-la-cotation-du-fonds-chf-70-millions-leves\\\/#primaryimage\",\"url\":\"https:\\\/\\\/comunus.ch\\\/wp-content\\\/uploads\\\/2025\\\/10\\\/IMG_1908-scaled.jpeg\",\"contentUrl\":\"https:\\\/\\\/comunus.ch\\\/wp-content\\\/uploads\\\/2025\\\/10\\\/IMG_1908-scaled.jpeg\",\"width\":2560,\"height\":1920},{\"@type\":\"BreadcrumbList\",\"@id\":\"https:\\\/\\\/comunus.ch\\\/augmentation-de-capital-finalisee-avec-succes-avant-la-cotation-du-fonds-chf-70-millions-leves\\\/#breadcrumb\",\"itemListElement\":[{\"@type\":\"ListItem\",\"position\":1,\"name\":\"Home\",\"item\":\"https:\\\/\\\/comunus.ch\\\/de\\\/\"},{\"@type\":\"ListItem\",\"position\":2,\"name\":\"Augmentation de capital finalis\u00e9e avec succ\u00e8s avant la cotation du Fonds : CHF 70 millions lev\u00e9s\"}]},{\"@type\":\"WebSite\",\"@id\":\"https:\\\/\\\/comunus.ch\\\/#website\",\"url\":\"https:\\\/\\\/comunus.ch\\\/\",\"name\":\"Comunus\",\"description\":\"Fonds pour investisseurs qualifi\u00e9s\",\"publisher\":{\"@id\":\"https:\\\/\\\/comunus.ch\\\/#organization\"},\"potentialAction\":[{\"@type\":\"SearchAction\",\"target\":{\"@type\":\"EntryPoint\",\"urlTemplate\":\"https:\\\/\\\/comunus.ch\\\/?s={search_term_string}\"},\"query-input\":{\"@type\":\"PropertyValueSpecification\",\"valueRequired\":true,\"valueName\":\"search_term_string\"}}],\"inLanguage\":\"de\"},{\"@type\":\"Organization\",\"@id\":\"https:\\\/\\\/comunus.ch\\\/#organization\",\"name\":\"Comunus\",\"url\":\"https:\\\/\\\/comunus.ch\\\/\",\"logo\":{\"@type\":\"ImageObject\",\"inLanguage\":\"de\",\"@id\":\"https:\\\/\\\/comunus.ch\\\/#\\\/schema\\\/logo\\\/image\\\/\",\"url\":\"https:\\\/\\\/comunus.ch\\\/wp-content\\\/uploads\\\/2023\\\/07\\\/logo-comunus.svg\",\"contentUrl\":\"https:\\\/\\\/comunus.ch\\\/wp-content\\\/uploads\\\/2023\\\/07\\\/logo-comunus.svg\",\"width\":190,\"height\":26,\"caption\":\"Comunus\"},\"image\":{\"@id\":\"https:\\\/\\\/comunus.ch\\\/#\\\/schema\\\/logo\\\/image\\\/\"}},{\"@type\":\"Person\",\"@id\":\"https:\\\/\\\/comunus.ch\\\/#\\\/schema\\\/person\\\/09fd7208ff0bb22afaf011090845c331\",\"name\":\"Comunus\",\"image\":{\"@type\":\"ImageObject\",\"inLanguage\":\"de\",\"@id\":\"https:\\\/\\\/secure.gravatar.com\\\/avatar\\\/22a43bcdb37518e1004920f2e42ae92c2744ff38ba3a5b194cdcd23c842ba884?s=96&d=mm&r=g\",\"url\":\"https:\\\/\\\/secure.gravatar.com\\\/avatar\\\/22a43bcdb37518e1004920f2e42ae92c2744ff38ba3a5b194cdcd23c842ba884?s=96&d=mm&r=g\",\"contentUrl\":\"https:\\\/\\\/secure.gravatar.com\\\/avatar\\\/22a43bcdb37518e1004920f2e42ae92c2744ff38ba3a5b194cdcd23c842ba884?s=96&d=mm&r=g\",\"caption\":\"Comunus\"},\"url\":\"https:\\\/\\\/comunus.ch\\\/de\\\/author\\\/editeurcomunus\\\/\"}]}<\/script>\n<!-- \/ Yoast SEO plugin. -->","yoast_head_json":{"title":"Augmentation de capital finalis\u00e9e avec succ\u00e8s avant la cotation du Fonds : CHF 70 millions lev\u00e9s - Comunus","robots":{"index":"index","follow":"follow","max-snippet":"max-snippet:-1","max-image-preview":"max-image-preview:large","max-video-preview":"max-video-preview:-1"},"canonical":"https:\/\/comunus.ch\/augmentation-de-capital-finalisee-avec-succes-avant-la-cotation-du-fonds-chf-70-millions-leves\/","og_locale":"de_DE","og_type":"article","og_title":"Augmentation de capital finalis\u00e9e avec succ\u00e8s avant la cotation du Fonds : CHF 70 millions lev\u00e9s - Comunus","og_description":"Comunus SICAV l\u00e8ve CHF 70 millions avant la cotation du Fonds le 8 octobre 2025 La deuxi\u00e8me augmentation de capital [&hellip;]","og_url":"https:\/\/comunus.ch\/augmentation-de-capital-finalisee-avec-succes-avant-la-cotation-du-fonds-chf-70-millions-leves\/","og_site_name":"Comunus","article_published_time":"2025-10-03T14:24:11+00:00","article_modified_time":"2025-10-05T11:41:52+00:00","og_image":[{"width":2560,"height":1920,"url":"https:\/\/comunus.ch\/wp-content\/uploads\/2025\/10\/IMG_1908-scaled.jpeg","type":"image\/jpeg"}],"author":"Comunus","twitter_card":"summary_large_image","twitter_misc":{"Verfasst von":"Comunus","Gesch\u00e4tzte Lesezeit":"2\u00a0Minuten"},"schema":{"@context":"https:\/\/schema.org","@graph":[{"@type":"Article","@id":"https:\/\/comunus.ch\/augmentation-de-capital-finalisee-avec-succes-avant-la-cotation-du-fonds-chf-70-millions-leves\/#article","isPartOf":{"@id":"https:\/\/comunus.ch\/augmentation-de-capital-finalisee-avec-succes-avant-la-cotation-du-fonds-chf-70-millions-leves\/"},"author":{"name":"Comunus","@id":"https:\/\/comunus.ch\/#\/schema\/person\/09fd7208ff0bb22afaf011090845c331"},"headline":"Augmentation de capital finalis\u00e9e avec succ\u00e8s avant la cotation du Fonds : CHF 70 millions lev\u00e9s","datePublished":"2025-10-03T14:24:11+00:00","dateModified":"2025-10-05T11:41:52+00:00","mainEntityOfPage":{"@id":"https:\/\/comunus.ch\/augmentation-de-capital-finalisee-avec-succes-avant-la-cotation-du-fonds-chf-70-millions-leves\/"},"wordCount":279,"publisher":{"@id":"https:\/\/comunus.ch\/#organization"},"image":{"@id":"https:\/\/comunus.ch\/augmentation-de-capital-finalisee-avec-succes-avant-la-cotation-du-fonds-chf-70-millions-leves\/#primaryimage"},"thumbnailUrl":"https:\/\/comunus.ch\/wp-content\/uploads\/2025\/10\/IMG_1908-scaled.jpeg","articleSection":["Actualit\u00e9s"],"inLanguage":"de"},{"@type":"WebPage","@id":"https:\/\/comunus.ch\/augmentation-de-capital-finalisee-avec-succes-avant-la-cotation-du-fonds-chf-70-millions-leves\/","url":"https:\/\/comunus.ch\/augmentation-de-capital-finalisee-avec-succes-avant-la-cotation-du-fonds-chf-70-millions-leves\/","name":"Augmentation de capital finalis\u00e9e avec succ\u00e8s avant la cotation du Fonds : CHF 70 millions lev\u00e9s - Comunus","isPartOf":{"@id":"https:\/\/comunus.ch\/#website"},"primaryImageOfPage":{"@id":"https:\/\/comunus.ch\/augmentation-de-capital-finalisee-avec-succes-avant-la-cotation-du-fonds-chf-70-millions-leves\/#primaryimage"},"image":{"@id":"https:\/\/comunus.ch\/augmentation-de-capital-finalisee-avec-succes-avant-la-cotation-du-fonds-chf-70-millions-leves\/#primaryimage"},"thumbnailUrl":"https:\/\/comunus.ch\/wp-content\/uploads\/2025\/10\/IMG_1908-scaled.jpeg","datePublished":"2025-10-03T14:24:11+00:00","dateModified":"2025-10-05T11:41:52+00:00","breadcrumb":{"@id":"https:\/\/comunus.ch\/augmentation-de-capital-finalisee-avec-succes-avant-la-cotation-du-fonds-chf-70-millions-leves\/#breadcrumb"},"inLanguage":"de","potentialAction":[{"@type":"ReadAction","target":["https:\/\/comunus.ch\/augmentation-de-capital-finalisee-avec-succes-avant-la-cotation-du-fonds-chf-70-millions-leves\/"]}]},{"@type":"ImageObject","inLanguage":"de","@id":"https:\/\/comunus.ch\/augmentation-de-capital-finalisee-avec-succes-avant-la-cotation-du-fonds-chf-70-millions-leves\/#primaryimage","url":"https:\/\/comunus.ch\/wp-content\/uploads\/2025\/10\/IMG_1908-scaled.jpeg","contentUrl":"https:\/\/comunus.ch\/wp-content\/uploads\/2025\/10\/IMG_1908-scaled.jpeg","width":2560,"height":1920},{"@type":"BreadcrumbList","@id":"https:\/\/comunus.ch\/augmentation-de-capital-finalisee-avec-succes-avant-la-cotation-du-fonds-chf-70-millions-leves\/#breadcrumb","itemListElement":[{"@type":"ListItem","position":1,"name":"Home","item":"https:\/\/comunus.ch\/de\/"},{"@type":"ListItem","position":2,"name":"Augmentation de capital finalis\u00e9e avec succ\u00e8s avant la cotation du Fonds : CHF 70 millions lev\u00e9s"}]},{"@type":"WebSite","@id":"https:\/\/comunus.ch\/#website","url":"https:\/\/comunus.ch\/","name":"Comunus","description":"Fonds pour investisseurs qualifi\u00e9s","publisher":{"@id":"https:\/\/comunus.ch\/#organization"},"potentialAction":[{"@type":"SearchAction","target":{"@type":"EntryPoint","urlTemplate":"https:\/\/comunus.ch\/?s={search_term_string}"},"query-input":{"@type":"PropertyValueSpecification","valueRequired":true,"valueName":"search_term_string"}}],"inLanguage":"de"},{"@type":"Organization","@id":"https:\/\/comunus.ch\/#organization","name":"Comunus","url":"https:\/\/comunus.ch\/","logo":{"@type":"ImageObject","inLanguage":"de","@id":"https:\/\/comunus.ch\/#\/schema\/logo\/image\/","url":"https:\/\/comunus.ch\/wp-content\/uploads\/2023\/07\/logo-comunus.svg","contentUrl":"https:\/\/comunus.ch\/wp-content\/uploads\/2023\/07\/logo-comunus.svg","width":190,"height":26,"caption":"Comunus"},"image":{"@id":"https:\/\/comunus.ch\/#\/schema\/logo\/image\/"}},{"@type":"Person","@id":"https:\/\/comunus.ch\/#\/schema\/person\/09fd7208ff0bb22afaf011090845c331","name":"Comunus","image":{"@type":"ImageObject","inLanguage":"de","@id":"https:\/\/secure.gravatar.com\/avatar\/22a43bcdb37518e1004920f2e42ae92c2744ff38ba3a5b194cdcd23c842ba884?s=96&d=mm&r=g","url":"https:\/\/secure.gravatar.com\/avatar\/22a43bcdb37518e1004920f2e42ae92c2744ff38ba3a5b194cdcd23c842ba884?s=96&d=mm&r=g","contentUrl":"https:\/\/secure.gravatar.com\/avatar\/22a43bcdb37518e1004920f2e42ae92c2744ff38ba3a5b194cdcd23c842ba884?s=96&d=mm&r=g","caption":"Comunus"},"url":"https:\/\/comunus.ch\/de\/author\/editeurcomunus\/"}]}},"_links":{"self":[{"href":"https:\/\/comunus.ch\/de\/wp-json\/wp\/v2\/posts\/4880","targetHints":{"allow":["GET"]}}],"collection":[{"href":"https:\/\/comunus.ch\/de\/wp-json\/wp\/v2\/posts"}],"about":[{"href":"https:\/\/comunus.ch\/de\/wp-json\/wp\/v2\/types\/post"}],"author":[{"embeddable":true,"href":"https:\/\/comunus.ch\/de\/wp-json\/wp\/v2\/users\/4"}],"replies":[{"embeddable":true,"href":"https:\/\/comunus.ch\/de\/wp-json\/wp\/v2\/comments?post=4880"}],"version-history":[{"count":3,"href":"https:\/\/comunus.ch\/de\/wp-json\/wp\/v2\/posts\/4880\/revisions"}],"predecessor-version":[{"id":4889,"href":"https:\/\/comunus.ch\/de\/wp-json\/wp\/v2\/posts\/4880\/revisions\/4889"}],"wp:featuredmedia":[{"embeddable":true,"href":"https:\/\/comunus.ch\/de\/wp-json\/wp\/v2\/media\/4881"}],"wp:attachment":[{"href":"https:\/\/comunus.ch\/de\/wp-json\/wp\/v2\/media?parent=4880"}],"wp:term":[{"taxonomy":"category","embeddable":true,"href":"https:\/\/comunus.ch\/de\/wp-json\/wp\/v2\/categories?post=4880"},{"taxonomy":"post_tag","embeddable":true,"href":"https:\/\/comunus.ch\/de\/wp-json\/wp\/v2\/tags?post=4880"},{"taxonomy":"type-of-post","embeddable":true,"href":"https:\/\/comunus.ch\/de\/wp-json\/wp\/v2\/type-of-post?post=4880"},{"taxonomy":"post-year","embeddable":true,"href":"https:\/\/comunus.ch\/de\/wp-json\/wp\/v2\/post-year?post=4880"}],"curies":[{"name":"wp","href":"https:\/\/api.w.org\/{rel}","templated":true}]}}