{"id":4590,"date":"2025-06-06T09:06:32","date_gmt":"2025-06-06T07:06:32","guid":{"rendered":"https:\/\/comunus.ch\/?p=4590"},"modified":"2025-10-05T13:41:52","modified_gmt":"2025-10-05T11:41:52","slug":"succes-de-laugmentation-de-capital-chf-58-millions-ont-ete-leves","status":"publish","type":"post","link":"https:\/\/comunus.ch\/de\/succes-de-laugmentation-de-capital-chf-58-millions-ont-ete-leves\/","title":{"rendered":"Succ\u00e8s de l\u2019augmentation de capital : CHF 58 millions ont \u00e9t\u00e9 lev\u00e9s"},"content":{"rendered":"\n<p><strong>Comunus SICAV l\u00e8ve CHF 58 millions et franchit un nouveau cap dans son d\u00e9veloppement<\/strong><\/p>\n\n\n\n<p>La premi\u00e8re augmentation de capital de l\u2019ann\u00e9e pour Comunus SICAV a \u00e9t\u00e9 largement sursouscrite, permettant de lever CHF 58 millions. Cette op\u00e9ration portera la fortune brute du Fonds \u00e0 pr\u00e8s de CHF 800 millions d\u00e8s juillet 2025 et renforce sa capacit\u00e9 d\u2019investissement en vue d\u2019une introduction en bourse pr\u00e9vue cet automne.<\/p>\n\n\n\n<p>Cl\u00f4tur\u00e9e le 28 mai 2025, cette augmentation de capital s\u2019est accompagn\u00e9e de l\u2019\u00e9mission de 324\u2019231 nouvelles actions, portant le total en circulation \u00e0 2\u2019915\u2019011. Les nouvelles actions ont \u00e9t\u00e9 lib\u00e9r\u00e9es le 6 juin 2025.<\/p>\n\n\n\n<p>Le produit de l\u2019\u00e9mission sera destin\u00e9 \u00e0 l\u2019acquisition d\u2019immeubles r\u00e9sidentiels situ\u00e9s dans l\u2019arc l\u00e9manique, offrant un fort potentiel de valorisation \u00e0 long terme, dont voici la liste:<\/p>\n\n\n<style>\n  .comunus-grid {<br \/>\n    display: grid;<br \/>\n    grid-template-columns: repeat(auto-fit, minmax(250px, 1fr));<br \/>\n    gap: 20px;<br \/>\n    margin: 2em 0;<br \/>\n    font-family: 'Helvetica Neue', sans-serif;<br \/>\n  }<\/p>\n<p>  .comunus-card {<br \/>\n    background: #fff;<br \/>\n    border: 1px solid #eee;<br \/>\n    border-left: 5px solid #D4AF37; \/* or dor\u00e9 *\/<br \/>\n    border-radius: 12px;<br \/>\n    padding: 20px;<br \/>\n    box-shadow: 0 4px 8px rgba(0,0,0,0.05);<br \/>\n    transition: transform 0.2s ease;<br \/>\n  }<\/p>\n<p>  .comunus-card:hover {<br \/>\n    transform: translateY(-4px);<br \/>\n  }<\/p>\n<p>  .comunus-card h4 {<br \/>\n    margin: 0 0 5px;<br \/>\n    font-size: 1rem;<br \/>\n    color: #222;<br \/>\n  }<\/p>\n<p>  .comunus-card p {<br \/>\n    margin: 0;<br \/>\n    font-size: 0.9rem;<br \/>\n    color: #555;<br \/>\n  }<\/p>\n<p>  .comunus-title {<br \/>\n    font-size: 1.4em;<br \/>\n    font-weight: bold;<br \/>\n    margin-bottom: 1em;<br \/>\n    color: #333;<br \/>\n    border-bottom: 2px solid #D4AF37;<br \/>\n    display: inline-block;<br \/>\n    padding-bottom: 0.2em;<br \/>\n  }<br \/>\n<\/style>\n<div>\n<div class=\"comunus-title\">Immeubles acquis \u2013 Op\u00e9ration mai\u2013juin 2025<\/div>\n<div class=\"comunus-grid\">\n<div class=\"comunus-card\">\n<h4>Rue de l\u2019Ancienne Poste 14B\u201116\u201116B<\/h4>\n<p>Villeneuve<\/p>\n<\/p>\n<\/div>\n<div class=\"comunus-card\">\n<h4>Rue du Simplon 6\u20118<\/h4>\n<p>Lausanne<\/p>\n<\/p>\n<\/div>\n<div class=\"comunus-card\">\n<h4>Grand\u2011Rue 1<\/h4>\n<p>La Tour-de-Peilz<\/p>\n<\/p>\n<\/div>\n<div class=\"comunus-card\">\n<h4>Avenue Andr\u00e9\u2011Schnetzler\u00a02<\/h4>\n<p>Lausanne<\/p>\n<\/p>\n<\/div>\n<div class=\"comunus-card\">\n<h4>Route Aloys\u2011Fauquez\u00a0143<\/h4>\n<p>Lausanne<\/p>\n<\/p>\n<\/div>\n<div class=\"comunus-card\">\n<h4>Rue du Diorama\u00a01<\/h4>\n<p>Gen\u00e8ve<\/p>\n<\/p>\n<\/div>\n<\/div>\n<\/div>\n\n\n<p>Les fonds lev\u00e9s permettront \u00e9galement de r\u00e9duire le taux d\u2019endettement et de financer les travaux sur les immeubles de d\u00e9veloppement.<\/p>\n\n\n\n<p>\u00ab <em>Cette lev\u00e9e de fonds confirme l\u2019attractivit\u00e9 de notre mod\u00e8le et la solidit\u00e9 de notre strat\u00e9gie. Elle marque une nouvelle \u00e9tape importante pour Comunus, qui continue sur sa trajectoire de croissance. Je tiens \u00e0 remercier les investisseurs pour leur confiance renouvel\u00e9e ainsi que toutes notre \u00e9quipe pour son engagement et sa d\u00e9termination <\/em>\u00bb indique Julien Baer, CEO de Comunus.<\/p>\n\n\n\n<p><strong><a href=\"https:\/\/comunus.ch\/wp-content\/uploads\/2025\/06\/Information-Investisseurs_Augmentation-de-capital_06.06.2025_VF.pdf\">Succ\u00e8s de l\u2019augmentation de capital<\/a><\/strong><\/p>\n\n\n\n<p><\/p>\n","protected":false},"excerpt":{"rendered":"<p>Comunus SICAV l\u00e8ve CHF 58 millions et franchit un nouveau cap dans son d\u00e9veloppement La premi\u00e8re augmentation de capital de [&hellip;]<\/p>\n","protected":false},"author":4,"featured_media":2811,"comment_status":"closed","ping_status":"closed","sticky":false,"template":"","format":"standard","meta":{"_acf_changed":false,"footnotes":""},"categories":[3],"tags":[],"type-of-post":[],"post-year":[95],"class_list":["post-4590","post","type-post","status-publish","format-standard","has-post-thumbnail","hentry","category-actualites","post-year-95"],"acf":[],"yoast_head":"<!-- This site is optimized with the Yoast SEO plugin v27.4 - https:\/\/yoast.com\/product\/yoast-seo-wordpress\/ -->\n<title>Succ\u00e8s de l\u2019augmentation de capital : CHF 58 millions ont \u00e9t\u00e9 lev\u00e9s - Comunus<\/title>\n<meta name=\"robots\" content=\"index, follow, max-snippet:-1, max-image-preview:large, max-video-preview:-1\" \/>\n<link rel=\"canonical\" href=\"https:\/\/comunus.ch\/succes-de-laugmentation-de-capital-chf-58-millions-ont-ete-leves\/\" \/>\n<meta property=\"og:locale\" content=\"de_DE\" \/>\n<meta property=\"og:type\" content=\"article\" \/>\n<meta property=\"og:title\" content=\"Succ\u00e8s de l\u2019augmentation de capital : CHF 58 millions ont \u00e9t\u00e9 lev\u00e9s - Comunus\" \/>\n<meta property=\"og:description\" content=\"Comunus SICAV l\u00e8ve CHF 58 millions et franchit un nouveau cap dans son d\u00e9veloppement La premi\u00e8re augmentation de capital de [&hellip;]\" \/>\n<meta property=\"og:url\" content=\"https:\/\/comunus.ch\/succes-de-laugmentation-de-capital-chf-58-millions-ont-ete-leves\/\" \/>\n<meta property=\"og:site_name\" content=\"Comunus\" \/>\n<meta property=\"article:published_time\" content=\"2025-06-06T07:06:32+00:00\" \/>\n<meta property=\"article:modified_time\" content=\"2025-10-05T11:41:52+00:00\" \/>\n<meta property=\"og:image\" content=\"https:\/\/comunus.ch\/wp-content\/uploads\/2023\/07\/Actu_CapitalReussi.jpg\" \/>\n\t<meta property=\"og:image:width\" content=\"1024\" \/>\n\t<meta property=\"og:image:height\" content=\"683\" \/>\n\t<meta property=\"og:image:type\" content=\"image\/jpeg\" \/>\n<meta name=\"author\" content=\"Comunus\" \/>\n<meta name=\"twitter:card\" content=\"summary_large_image\" \/>\n<meta name=\"twitter:label1\" content=\"Verfasst von\" \/>\n\t<meta name=\"twitter:data1\" content=\"Comunus\" \/>\n\t<meta name=\"twitter:label2\" content=\"Gesch\u00e4tzte Lesezeit\" \/>\n\t<meta name=\"twitter:data2\" content=\"2\u00a0Minuten\" \/>\n<script type=\"application\/ld+json\" class=\"yoast-schema-graph\">{\"@context\":\"https:\\\/\\\/schema.org\",\"@graph\":[{\"@type\":\"Article\",\"@id\":\"https:\\\/\\\/comunus.ch\\\/succes-de-laugmentation-de-capital-chf-58-millions-ont-ete-leves\\\/#article\",\"isPartOf\":{\"@id\":\"https:\\\/\\\/comunus.ch\\\/succes-de-laugmentation-de-capital-chf-58-millions-ont-ete-leves\\\/\"},\"author\":{\"name\":\"Comunus\",\"@id\":\"https:\\\/\\\/comunus.ch\\\/#\\\/schema\\\/person\\\/09fd7208ff0bb22afaf011090845c331\"},\"headline\":\"Succ\u00e8s de l\u2019augmentation de capital : CHF 58 millions ont \u00e9t\u00e9 lev\u00e9s\",\"datePublished\":\"2025-06-06T07:06:32+00:00\",\"dateModified\":\"2025-10-05T11:41:52+00:00\",\"mainEntityOfPage\":{\"@id\":\"https:\\\/\\\/comunus.ch\\\/succes-de-laugmentation-de-capital-chf-58-millions-ont-ete-leves\\\/\"},\"wordCount\":278,\"publisher\":{\"@id\":\"https:\\\/\\\/comunus.ch\\\/#organization\"},\"image\":{\"@id\":\"https:\\\/\\\/comunus.ch\\\/succes-de-laugmentation-de-capital-chf-58-millions-ont-ete-leves\\\/#primaryimage\"},\"thumbnailUrl\":\"https:\\\/\\\/comunus.ch\\\/wp-content\\\/uploads\\\/2023\\\/07\\\/Actu_CapitalReussi.jpg\",\"articleSection\":[\"Actualit\u00e9s\"],\"inLanguage\":\"de\"},{\"@type\":\"WebPage\",\"@id\":\"https:\\\/\\\/comunus.ch\\\/succes-de-laugmentation-de-capital-chf-58-millions-ont-ete-leves\\\/\",\"url\":\"https:\\\/\\\/comunus.ch\\\/succes-de-laugmentation-de-capital-chf-58-millions-ont-ete-leves\\\/\",\"name\":\"Succ\u00e8s de l\u2019augmentation de capital : CHF 58 millions ont \u00e9t\u00e9 lev\u00e9s - Comunus\",\"isPartOf\":{\"@id\":\"https:\\\/\\\/comunus.ch\\\/#website\"},\"primaryImageOfPage\":{\"@id\":\"https:\\\/\\\/comunus.ch\\\/succes-de-laugmentation-de-capital-chf-58-millions-ont-ete-leves\\\/#primaryimage\"},\"image\":{\"@id\":\"https:\\\/\\\/comunus.ch\\\/succes-de-laugmentation-de-capital-chf-58-millions-ont-ete-leves\\\/#primaryimage\"},\"thumbnailUrl\":\"https:\\\/\\\/comunus.ch\\\/wp-content\\\/uploads\\\/2023\\\/07\\\/Actu_CapitalReussi.jpg\",\"datePublished\":\"2025-06-06T07:06:32+00:00\",\"dateModified\":\"2025-10-05T11:41:52+00:00\",\"breadcrumb\":{\"@id\":\"https:\\\/\\\/comunus.ch\\\/succes-de-laugmentation-de-capital-chf-58-millions-ont-ete-leves\\\/#breadcrumb\"},\"inLanguage\":\"de\",\"potentialAction\":[{\"@type\":\"ReadAction\",\"target\":[\"https:\\\/\\\/comunus.ch\\\/succes-de-laugmentation-de-capital-chf-58-millions-ont-ete-leves\\\/\"]}]},{\"@type\":\"ImageObject\",\"inLanguage\":\"de\",\"@id\":\"https:\\\/\\\/comunus.ch\\\/succes-de-laugmentation-de-capital-chf-58-millions-ont-ete-leves\\\/#primaryimage\",\"url\":\"https:\\\/\\\/comunus.ch\\\/wp-content\\\/uploads\\\/2023\\\/07\\\/Actu_CapitalReussi.jpg\",\"contentUrl\":\"https:\\\/\\\/comunus.ch\\\/wp-content\\\/uploads\\\/2023\\\/07\\\/Actu_CapitalReussi.jpg\",\"width\":1024,\"height\":683},{\"@type\":\"BreadcrumbList\",\"@id\":\"https:\\\/\\\/comunus.ch\\\/succes-de-laugmentation-de-capital-chf-58-millions-ont-ete-leves\\\/#breadcrumb\",\"itemListElement\":[{\"@type\":\"ListItem\",\"position\":1,\"name\":\"Home\",\"item\":\"https:\\\/\\\/comunus.ch\\\/de\\\/\"},{\"@type\":\"ListItem\",\"position\":2,\"name\":\"Succ\u00e8s de l\u2019augmentation de capital : CHF 58 millions ont \u00e9t\u00e9 lev\u00e9s\"}]},{\"@type\":\"WebSite\",\"@id\":\"https:\\\/\\\/comunus.ch\\\/#website\",\"url\":\"https:\\\/\\\/comunus.ch\\\/\",\"name\":\"Comunus\",\"description\":\"Fonds pour investisseurs qualifi\u00e9s\",\"publisher\":{\"@id\":\"https:\\\/\\\/comunus.ch\\\/#organization\"},\"potentialAction\":[{\"@type\":\"SearchAction\",\"target\":{\"@type\":\"EntryPoint\",\"urlTemplate\":\"https:\\\/\\\/comunus.ch\\\/?s={search_term_string}\"},\"query-input\":{\"@type\":\"PropertyValueSpecification\",\"valueRequired\":true,\"valueName\":\"search_term_string\"}}],\"inLanguage\":\"de\"},{\"@type\":\"Organization\",\"@id\":\"https:\\\/\\\/comunus.ch\\\/#organization\",\"name\":\"Comunus\",\"url\":\"https:\\\/\\\/comunus.ch\\\/\",\"logo\":{\"@type\":\"ImageObject\",\"inLanguage\":\"de\",\"@id\":\"https:\\\/\\\/comunus.ch\\\/#\\\/schema\\\/logo\\\/image\\\/\",\"url\":\"https:\\\/\\\/comunus.ch\\\/wp-content\\\/uploads\\\/2023\\\/07\\\/logo-comunus.svg\",\"contentUrl\":\"https:\\\/\\\/comunus.ch\\\/wp-content\\\/uploads\\\/2023\\\/07\\\/logo-comunus.svg\",\"width\":190,\"height\":26,\"caption\":\"Comunus\"},\"image\":{\"@id\":\"https:\\\/\\\/comunus.ch\\\/#\\\/schema\\\/logo\\\/image\\\/\"}},{\"@type\":\"Person\",\"@id\":\"https:\\\/\\\/comunus.ch\\\/#\\\/schema\\\/person\\\/09fd7208ff0bb22afaf011090845c331\",\"name\":\"Comunus\",\"image\":{\"@type\":\"ImageObject\",\"inLanguage\":\"de\",\"@id\":\"https:\\\/\\\/secure.gravatar.com\\\/avatar\\\/22a43bcdb37518e1004920f2e42ae92c2744ff38ba3a5b194cdcd23c842ba884?s=96&d=mm&r=g\",\"url\":\"https:\\\/\\\/secure.gravatar.com\\\/avatar\\\/22a43bcdb37518e1004920f2e42ae92c2744ff38ba3a5b194cdcd23c842ba884?s=96&d=mm&r=g\",\"contentUrl\":\"https:\\\/\\\/secure.gravatar.com\\\/avatar\\\/22a43bcdb37518e1004920f2e42ae92c2744ff38ba3a5b194cdcd23c842ba884?s=96&d=mm&r=g\",\"caption\":\"Comunus\"},\"url\":\"https:\\\/\\\/comunus.ch\\\/de\\\/author\\\/editeurcomunus\\\/\"}]}<\/script>\n<!-- \/ Yoast SEO plugin. -->","yoast_head_json":{"title":"Succ\u00e8s de l\u2019augmentation de capital : CHF 58 millions ont \u00e9t\u00e9 lev\u00e9s - Comunus","robots":{"index":"index","follow":"follow","max-snippet":"max-snippet:-1","max-image-preview":"max-image-preview:large","max-video-preview":"max-video-preview:-1"},"canonical":"https:\/\/comunus.ch\/succes-de-laugmentation-de-capital-chf-58-millions-ont-ete-leves\/","og_locale":"de_DE","og_type":"article","og_title":"Succ\u00e8s de l\u2019augmentation de capital : CHF 58 millions ont \u00e9t\u00e9 lev\u00e9s - Comunus","og_description":"Comunus SICAV l\u00e8ve CHF 58 millions et franchit un nouveau cap dans son d\u00e9veloppement La premi\u00e8re augmentation de capital de [&hellip;]","og_url":"https:\/\/comunus.ch\/succes-de-laugmentation-de-capital-chf-58-millions-ont-ete-leves\/","og_site_name":"Comunus","article_published_time":"2025-06-06T07:06:32+00:00","article_modified_time":"2025-10-05T11:41:52+00:00","og_image":[{"width":1024,"height":683,"url":"https:\/\/comunus.ch\/wp-content\/uploads\/2023\/07\/Actu_CapitalReussi.jpg","type":"image\/jpeg"}],"author":"Comunus","twitter_card":"summary_large_image","twitter_misc":{"Verfasst von":"Comunus","Gesch\u00e4tzte Lesezeit":"2\u00a0Minuten"},"schema":{"@context":"https:\/\/schema.org","@graph":[{"@type":"Article","@id":"https:\/\/comunus.ch\/succes-de-laugmentation-de-capital-chf-58-millions-ont-ete-leves\/#article","isPartOf":{"@id":"https:\/\/comunus.ch\/succes-de-laugmentation-de-capital-chf-58-millions-ont-ete-leves\/"},"author":{"name":"Comunus","@id":"https:\/\/comunus.ch\/#\/schema\/person\/09fd7208ff0bb22afaf011090845c331"},"headline":"Succ\u00e8s de l\u2019augmentation de capital : CHF 58 millions ont \u00e9t\u00e9 lev\u00e9s","datePublished":"2025-06-06T07:06:32+00:00","dateModified":"2025-10-05T11:41:52+00:00","mainEntityOfPage":{"@id":"https:\/\/comunus.ch\/succes-de-laugmentation-de-capital-chf-58-millions-ont-ete-leves\/"},"wordCount":278,"publisher":{"@id":"https:\/\/comunus.ch\/#organization"},"image":{"@id":"https:\/\/comunus.ch\/succes-de-laugmentation-de-capital-chf-58-millions-ont-ete-leves\/#primaryimage"},"thumbnailUrl":"https:\/\/comunus.ch\/wp-content\/uploads\/2023\/07\/Actu_CapitalReussi.jpg","articleSection":["Actualit\u00e9s"],"inLanguage":"de"},{"@type":"WebPage","@id":"https:\/\/comunus.ch\/succes-de-laugmentation-de-capital-chf-58-millions-ont-ete-leves\/","url":"https:\/\/comunus.ch\/succes-de-laugmentation-de-capital-chf-58-millions-ont-ete-leves\/","name":"Succ\u00e8s de l\u2019augmentation de capital : CHF 58 millions ont \u00e9t\u00e9 lev\u00e9s - Comunus","isPartOf":{"@id":"https:\/\/comunus.ch\/#website"},"primaryImageOfPage":{"@id":"https:\/\/comunus.ch\/succes-de-laugmentation-de-capital-chf-58-millions-ont-ete-leves\/#primaryimage"},"image":{"@id":"https:\/\/comunus.ch\/succes-de-laugmentation-de-capital-chf-58-millions-ont-ete-leves\/#primaryimage"},"thumbnailUrl":"https:\/\/comunus.ch\/wp-content\/uploads\/2023\/07\/Actu_CapitalReussi.jpg","datePublished":"2025-06-06T07:06:32+00:00","dateModified":"2025-10-05T11:41:52+00:00","breadcrumb":{"@id":"https:\/\/comunus.ch\/succes-de-laugmentation-de-capital-chf-58-millions-ont-ete-leves\/#breadcrumb"},"inLanguage":"de","potentialAction":[{"@type":"ReadAction","target":["https:\/\/comunus.ch\/succes-de-laugmentation-de-capital-chf-58-millions-ont-ete-leves\/"]}]},{"@type":"ImageObject","inLanguage":"de","@id":"https:\/\/comunus.ch\/succes-de-laugmentation-de-capital-chf-58-millions-ont-ete-leves\/#primaryimage","url":"https:\/\/comunus.ch\/wp-content\/uploads\/2023\/07\/Actu_CapitalReussi.jpg","contentUrl":"https:\/\/comunus.ch\/wp-content\/uploads\/2023\/07\/Actu_CapitalReussi.jpg","width":1024,"height":683},{"@type":"BreadcrumbList","@id":"https:\/\/comunus.ch\/succes-de-laugmentation-de-capital-chf-58-millions-ont-ete-leves\/#breadcrumb","itemListElement":[{"@type":"ListItem","position":1,"name":"Home","item":"https:\/\/comunus.ch\/de\/"},{"@type":"ListItem","position":2,"name":"Succ\u00e8s de l\u2019augmentation de capital : CHF 58 millions ont \u00e9t\u00e9 lev\u00e9s"}]},{"@type":"WebSite","@id":"https:\/\/comunus.ch\/#website","url":"https:\/\/comunus.ch\/","name":"Comunus","description":"Fonds pour investisseurs qualifi\u00e9s","publisher":{"@id":"https:\/\/comunus.ch\/#organization"},"potentialAction":[{"@type":"SearchAction","target":{"@type":"EntryPoint","urlTemplate":"https:\/\/comunus.ch\/?s={search_term_string}"},"query-input":{"@type":"PropertyValueSpecification","valueRequired":true,"valueName":"search_term_string"}}],"inLanguage":"de"},{"@type":"Organization","@id":"https:\/\/comunus.ch\/#organization","name":"Comunus","url":"https:\/\/comunus.ch\/","logo":{"@type":"ImageObject","inLanguage":"de","@id":"https:\/\/comunus.ch\/#\/schema\/logo\/image\/","url":"https:\/\/comunus.ch\/wp-content\/uploads\/2023\/07\/logo-comunus.svg","contentUrl":"https:\/\/comunus.ch\/wp-content\/uploads\/2023\/07\/logo-comunus.svg","width":190,"height":26,"caption":"Comunus"},"image":{"@id":"https:\/\/comunus.ch\/#\/schema\/logo\/image\/"}},{"@type":"Person","@id":"https:\/\/comunus.ch\/#\/schema\/person\/09fd7208ff0bb22afaf011090845c331","name":"Comunus","image":{"@type":"ImageObject","inLanguage":"de","@id":"https:\/\/secure.gravatar.com\/avatar\/22a43bcdb37518e1004920f2e42ae92c2744ff38ba3a5b194cdcd23c842ba884?s=96&d=mm&r=g","url":"https:\/\/secure.gravatar.com\/avatar\/22a43bcdb37518e1004920f2e42ae92c2744ff38ba3a5b194cdcd23c842ba884?s=96&d=mm&r=g","contentUrl":"https:\/\/secure.gravatar.com\/avatar\/22a43bcdb37518e1004920f2e42ae92c2744ff38ba3a5b194cdcd23c842ba884?s=96&d=mm&r=g","caption":"Comunus"},"url":"https:\/\/comunus.ch\/de\/author\/editeurcomunus\/"}]}},"_links":{"self":[{"href":"https:\/\/comunus.ch\/de\/wp-json\/wp\/v2\/posts\/4590","targetHints":{"allow":["GET"]}}],"collection":[{"href":"https:\/\/comunus.ch\/de\/wp-json\/wp\/v2\/posts"}],"about":[{"href":"https:\/\/comunus.ch\/de\/wp-json\/wp\/v2\/types\/post"}],"author":[{"embeddable":true,"href":"https:\/\/comunus.ch\/de\/wp-json\/wp\/v2\/users\/4"}],"replies":[{"embeddable":true,"href":"https:\/\/comunus.ch\/de\/wp-json\/wp\/v2\/comments?post=4590"}],"version-history":[{"count":9,"href":"https:\/\/comunus.ch\/de\/wp-json\/wp\/v2\/posts\/4590\/revisions"}],"predecessor-version":[{"id":4870,"href":"https:\/\/comunus.ch\/de\/wp-json\/wp\/v2\/posts\/4590\/revisions\/4870"}],"wp:featuredmedia":[{"embeddable":true,"href":"https:\/\/comunus.ch\/de\/wp-json\/wp\/v2\/media\/2811"}],"wp:attachment":[{"href":"https:\/\/comunus.ch\/de\/wp-json\/wp\/v2\/media?parent=4590"}],"wp:term":[{"taxonomy":"category","embeddable":true,"href":"https:\/\/comunus.ch\/de\/wp-json\/wp\/v2\/categories?post=4590"},{"taxonomy":"post_tag","embeddable":true,"href":"https:\/\/comunus.ch\/de\/wp-json\/wp\/v2\/tags?post=4590"},{"taxonomy":"type-of-post","embeddable":true,"href":"https:\/\/comunus.ch\/de\/wp-json\/wp\/v2\/type-of-post?post=4590"},{"taxonomy":"post-year","embeddable":true,"href":"https:\/\/comunus.ch\/de\/wp-json\/wp\/v2\/post-year?post=4590"}],"curies":[{"name":"wp","href":"https:\/\/api.w.org\/{rel}","templated":true}]}}