{"id":4491,"date":"2025-05-06T16:20:27","date_gmt":"2025-05-06T14:20:27","guid":{"rendered":"https:\/\/comunus.ch\/?p=4491"},"modified":"2025-10-05T13:41:52","modified_gmt":"2025-10-05T11:41:52","slug":"information-investisseurs-mai-2025","status":"publish","type":"post","link":"https:\/\/comunus.ch\/de\/information-investisseurs-mai-2025\/","title":{"rendered":"Information investisseurs &#8211; Augmentation de capital"},"content":{"rendered":"\n<p><strong>Augmentation de capital<\/strong> <strong>&#8211; Mai 2025<\/strong><\/p>\n\n\n\n<p>Comunus SICAV proc\u00e9dera \u00e0 une nouvelle augmentation de capital pour un montant cible d\u2019environ CHF 57 millions.<\/p>\n\n\n\n<p>Le produit de l\u2019\u00e9mission servira \u00e0 financer l\u2019acquisition s\u00e9curis\u00e9e de six immeubles r\u00e9sidentiels dans l\u2019arc l\u00e9manique, \u00e0 am\u00e9liorer l\u2019efficacit\u00e9 \u00e9nerg\u00e9tique du portefeuille existant et \u00e0 pr\u00e9server un niveau d\u2019endettement mod\u00e9r\u00e9.<\/p>\n\n\n\n<p>La p\u00e9riode de souscription s\u2019\u00e9tendra du 19 mai au 28 mai 2025, avec lib\u00e9ration des actions pr\u00e9vue le 6 juin 2025.<\/p>\n\n\n\n<p>Les conditions d\u00e9taill\u00e9es de l\u2019\u00e9mission sont disponibles dans le prospectus ci-dessous :<\/p>\n\n\n\n<p><a href=\"https:\/\/comunus.ch\/wp-content\/uploads\/2025\/05\/Prospectus-demission-AC-Comunus-fr-2025.06.pdf\" target=\"_blank\" rel=\"noreferrer noopener\"><strong>Prospectus d&#8217;\u00e9mission<\/strong><\/a> <\/p>\n\n\n\n<p>Parmi ces acquisitions s\u00e9curis\u00e9es figure l\u2019Avenue Andr\u00e9-Schnetzler 2 \u00e0 Lausanne (voir photo). Cet immeuble patrimonial, au caract\u00e8re architectural distinctif, est situ\u00e9 \u00e0 seulement 200 m\u00e8tres du quartier du Centre-Ville, offrant ainsi une position centrale \u00e0 proximit\u00e9 de toutes les commodit\u00e9s.<\/p>\n\n\n\n<p><\/p>\n","protected":false},"excerpt":{"rendered":"<p>Augmentation de capital &#8211; Mai 2025 Comunus SICAV proc\u00e9dera \u00e0 une nouvelle augmentation de capital pour un montant cible d\u2019environ [&hellip;]<\/p>\n","protected":false},"author":4,"featured_media":4492,"comment_status":"closed","ping_status":"closed","sticky":false,"template":"","format":"standard","meta":{"_acf_changed":false,"footnotes":""},"categories":[3],"tags":[],"type-of-post":[],"post-year":[95],"class_list":["post-4491","post","type-post","status-publish","format-standard","has-post-thumbnail","hentry","category-actualites","post-year-95"],"acf":[],"yoast_head":"<!-- This site is optimized with the Yoast SEO plugin v27.4 - https:\/\/yoast.com\/product\/yoast-seo-wordpress\/ -->\n<title>Information investisseurs - Augmentation de capital - Comunus<\/title>\n<meta name=\"robots\" content=\"index, follow, max-snippet:-1, max-image-preview:large, max-video-preview:-1\" \/>\n<link rel=\"canonical\" href=\"https:\/\/comunus.ch\/information-investisseurs-mai-2025\/\" \/>\n<meta property=\"og:locale\" content=\"de_DE\" \/>\n<meta property=\"og:type\" content=\"article\" \/>\n<meta property=\"og:title\" content=\"Information investisseurs - Augmentation de capital - Comunus\" \/>\n<meta property=\"og:description\" content=\"Augmentation de capital &#8211; Mai 2025 Comunus SICAV proc\u00e9dera \u00e0 une nouvelle augmentation de capital pour un montant cible d\u2019environ [&hellip;]\" \/>\n<meta property=\"og:url\" content=\"https:\/\/comunus.ch\/information-investisseurs-mai-2025\/\" \/>\n<meta property=\"og:site_name\" content=\"Comunus\" \/>\n<meta property=\"article:published_time\" content=\"2025-05-06T14:20:27+00:00\" \/>\n<meta property=\"article:modified_time\" content=\"2025-10-05T11:41:52+00:00\" \/>\n<meta property=\"og:image\" content=\"https:\/\/comunus.ch\/wp-content\/uploads\/2025\/05\/FACADE-15_12.jpg\" \/>\n\t<meta property=\"og:image:width\" content=\"2190\" \/>\n\t<meta property=\"og:image:height\" content=\"1776\" \/>\n\t<meta property=\"og:image:type\" content=\"image\/jpeg\" \/>\n<meta name=\"author\" content=\"Comunus\" \/>\n<meta name=\"twitter:card\" content=\"summary_large_image\" \/>\n<meta name=\"twitter:label1\" content=\"Verfasst von\" \/>\n\t<meta name=\"twitter:data1\" content=\"Comunus\" \/>\n\t<meta name=\"twitter:label2\" content=\"Gesch\u00e4tzte Lesezeit\" \/>\n\t<meta name=\"twitter:data2\" content=\"1\u00a0Minute\" \/>\n<script type=\"application\/ld+json\" class=\"yoast-schema-graph\">{\"@context\":\"https:\\\/\\\/schema.org\",\"@graph\":[{\"@type\":\"Article\",\"@id\":\"https:\\\/\\\/comunus.ch\\\/information-investisseurs-mai-2025\\\/#article\",\"isPartOf\":{\"@id\":\"https:\\\/\\\/comunus.ch\\\/information-investisseurs-mai-2025\\\/\"},\"author\":{\"name\":\"Comunus\",\"@id\":\"https:\\\/\\\/comunus.ch\\\/#\\\/schema\\\/person\\\/09fd7208ff0bb22afaf011090845c331\"},\"headline\":\"Information investisseurs &#8211; Augmentation de capital\",\"datePublished\":\"2025-05-06T14:20:27+00:00\",\"dateModified\":\"2025-10-05T11:41:52+00:00\",\"mainEntityOfPage\":{\"@id\":\"https:\\\/\\\/comunus.ch\\\/information-investisseurs-mai-2025\\\/\"},\"wordCount\":147,\"publisher\":{\"@id\":\"https:\\\/\\\/comunus.ch\\\/#organization\"},\"image\":{\"@id\":\"https:\\\/\\\/comunus.ch\\\/information-investisseurs-mai-2025\\\/#primaryimage\"},\"thumbnailUrl\":\"https:\\\/\\\/comunus.ch\\\/wp-content\\\/uploads\\\/2025\\\/05\\\/FACADE-15_12.jpg\",\"articleSection\":[\"Actualit\u00e9s\"],\"inLanguage\":\"de\"},{\"@type\":\"WebPage\",\"@id\":\"https:\\\/\\\/comunus.ch\\\/information-investisseurs-mai-2025\\\/\",\"url\":\"https:\\\/\\\/comunus.ch\\\/information-investisseurs-mai-2025\\\/\",\"name\":\"Information investisseurs - Augmentation de capital - Comunus\",\"isPartOf\":{\"@id\":\"https:\\\/\\\/comunus.ch\\\/#website\"},\"primaryImageOfPage\":{\"@id\":\"https:\\\/\\\/comunus.ch\\\/information-investisseurs-mai-2025\\\/#primaryimage\"},\"image\":{\"@id\":\"https:\\\/\\\/comunus.ch\\\/information-investisseurs-mai-2025\\\/#primaryimage\"},\"thumbnailUrl\":\"https:\\\/\\\/comunus.ch\\\/wp-content\\\/uploads\\\/2025\\\/05\\\/FACADE-15_12.jpg\",\"datePublished\":\"2025-05-06T14:20:27+00:00\",\"dateModified\":\"2025-10-05T11:41:52+00:00\",\"breadcrumb\":{\"@id\":\"https:\\\/\\\/comunus.ch\\\/information-investisseurs-mai-2025\\\/#breadcrumb\"},\"inLanguage\":\"de\",\"potentialAction\":[{\"@type\":\"ReadAction\",\"target\":[\"https:\\\/\\\/comunus.ch\\\/information-investisseurs-mai-2025\\\/\"]}]},{\"@type\":\"ImageObject\",\"inLanguage\":\"de\",\"@id\":\"https:\\\/\\\/comunus.ch\\\/information-investisseurs-mai-2025\\\/#primaryimage\",\"url\":\"https:\\\/\\\/comunus.ch\\\/wp-content\\\/uploads\\\/2025\\\/05\\\/FACADE-15_12.jpg\",\"contentUrl\":\"https:\\\/\\\/comunus.ch\\\/wp-content\\\/uploads\\\/2025\\\/05\\\/FACADE-15_12.jpg\",\"width\":2190,\"height\":1776},{\"@type\":\"BreadcrumbList\",\"@id\":\"https:\\\/\\\/comunus.ch\\\/information-investisseurs-mai-2025\\\/#breadcrumb\",\"itemListElement\":[{\"@type\":\"ListItem\",\"position\":1,\"name\":\"Home\",\"item\":\"https:\\\/\\\/comunus.ch\\\/de\\\/\"},{\"@type\":\"ListItem\",\"position\":2,\"name\":\"Information investisseurs &#8211; Augmentation de capital\"}]},{\"@type\":\"WebSite\",\"@id\":\"https:\\\/\\\/comunus.ch\\\/#website\",\"url\":\"https:\\\/\\\/comunus.ch\\\/\",\"name\":\"Comunus\",\"description\":\"Fonds pour investisseurs qualifi\u00e9s\",\"publisher\":{\"@id\":\"https:\\\/\\\/comunus.ch\\\/#organization\"},\"potentialAction\":[{\"@type\":\"SearchAction\",\"target\":{\"@type\":\"EntryPoint\",\"urlTemplate\":\"https:\\\/\\\/comunus.ch\\\/?s={search_term_string}\"},\"query-input\":{\"@type\":\"PropertyValueSpecification\",\"valueRequired\":true,\"valueName\":\"search_term_string\"}}],\"inLanguage\":\"de\"},{\"@type\":\"Organization\",\"@id\":\"https:\\\/\\\/comunus.ch\\\/#organization\",\"name\":\"Comunus\",\"url\":\"https:\\\/\\\/comunus.ch\\\/\",\"logo\":{\"@type\":\"ImageObject\",\"inLanguage\":\"de\",\"@id\":\"https:\\\/\\\/comunus.ch\\\/#\\\/schema\\\/logo\\\/image\\\/\",\"url\":\"https:\\\/\\\/comunus.ch\\\/wp-content\\\/uploads\\\/2023\\\/07\\\/logo-comunus.svg\",\"contentUrl\":\"https:\\\/\\\/comunus.ch\\\/wp-content\\\/uploads\\\/2023\\\/07\\\/logo-comunus.svg\",\"width\":190,\"height\":26,\"caption\":\"Comunus\"},\"image\":{\"@id\":\"https:\\\/\\\/comunus.ch\\\/#\\\/schema\\\/logo\\\/image\\\/\"}},{\"@type\":\"Person\",\"@id\":\"https:\\\/\\\/comunus.ch\\\/#\\\/schema\\\/person\\\/09fd7208ff0bb22afaf011090845c331\",\"name\":\"Comunus\",\"image\":{\"@type\":\"ImageObject\",\"inLanguage\":\"de\",\"@id\":\"https:\\\/\\\/secure.gravatar.com\\\/avatar\\\/22a43bcdb37518e1004920f2e42ae92c2744ff38ba3a5b194cdcd23c842ba884?s=96&d=mm&r=g\",\"url\":\"https:\\\/\\\/secure.gravatar.com\\\/avatar\\\/22a43bcdb37518e1004920f2e42ae92c2744ff38ba3a5b194cdcd23c842ba884?s=96&d=mm&r=g\",\"contentUrl\":\"https:\\\/\\\/secure.gravatar.com\\\/avatar\\\/22a43bcdb37518e1004920f2e42ae92c2744ff38ba3a5b194cdcd23c842ba884?s=96&d=mm&r=g\",\"caption\":\"Comunus\"},\"url\":\"https:\\\/\\\/comunus.ch\\\/de\\\/author\\\/editeurcomunus\\\/\"}]}<\/script>\n<!-- \/ Yoast SEO plugin. -->","yoast_head_json":{"title":"Information investisseurs - Augmentation de capital - Comunus","robots":{"index":"index","follow":"follow","max-snippet":"max-snippet:-1","max-image-preview":"max-image-preview:large","max-video-preview":"max-video-preview:-1"},"canonical":"https:\/\/comunus.ch\/information-investisseurs-mai-2025\/","og_locale":"de_DE","og_type":"article","og_title":"Information investisseurs - Augmentation de capital - Comunus","og_description":"Augmentation de capital &#8211; Mai 2025 Comunus SICAV proc\u00e9dera \u00e0 une nouvelle augmentation de capital pour un montant cible d\u2019environ [&hellip;]","og_url":"https:\/\/comunus.ch\/information-investisseurs-mai-2025\/","og_site_name":"Comunus","article_published_time":"2025-05-06T14:20:27+00:00","article_modified_time":"2025-10-05T11:41:52+00:00","og_image":[{"width":2190,"height":1776,"url":"https:\/\/comunus.ch\/wp-content\/uploads\/2025\/05\/FACADE-15_12.jpg","type":"image\/jpeg"}],"author":"Comunus","twitter_card":"summary_large_image","twitter_misc":{"Verfasst von":"Comunus","Gesch\u00e4tzte Lesezeit":"1\u00a0Minute"},"schema":{"@context":"https:\/\/schema.org","@graph":[{"@type":"Article","@id":"https:\/\/comunus.ch\/information-investisseurs-mai-2025\/#article","isPartOf":{"@id":"https:\/\/comunus.ch\/information-investisseurs-mai-2025\/"},"author":{"name":"Comunus","@id":"https:\/\/comunus.ch\/#\/schema\/person\/09fd7208ff0bb22afaf011090845c331"},"headline":"Information investisseurs &#8211; Augmentation de capital","datePublished":"2025-05-06T14:20:27+00:00","dateModified":"2025-10-05T11:41:52+00:00","mainEntityOfPage":{"@id":"https:\/\/comunus.ch\/information-investisseurs-mai-2025\/"},"wordCount":147,"publisher":{"@id":"https:\/\/comunus.ch\/#organization"},"image":{"@id":"https:\/\/comunus.ch\/information-investisseurs-mai-2025\/#primaryimage"},"thumbnailUrl":"https:\/\/comunus.ch\/wp-content\/uploads\/2025\/05\/FACADE-15_12.jpg","articleSection":["Actualit\u00e9s"],"inLanguage":"de"},{"@type":"WebPage","@id":"https:\/\/comunus.ch\/information-investisseurs-mai-2025\/","url":"https:\/\/comunus.ch\/information-investisseurs-mai-2025\/","name":"Information investisseurs - Augmentation de capital - Comunus","isPartOf":{"@id":"https:\/\/comunus.ch\/#website"},"primaryImageOfPage":{"@id":"https:\/\/comunus.ch\/information-investisseurs-mai-2025\/#primaryimage"},"image":{"@id":"https:\/\/comunus.ch\/information-investisseurs-mai-2025\/#primaryimage"},"thumbnailUrl":"https:\/\/comunus.ch\/wp-content\/uploads\/2025\/05\/FACADE-15_12.jpg","datePublished":"2025-05-06T14:20:27+00:00","dateModified":"2025-10-05T11:41:52+00:00","breadcrumb":{"@id":"https:\/\/comunus.ch\/information-investisseurs-mai-2025\/#breadcrumb"},"inLanguage":"de","potentialAction":[{"@type":"ReadAction","target":["https:\/\/comunus.ch\/information-investisseurs-mai-2025\/"]}]},{"@type":"ImageObject","inLanguage":"de","@id":"https:\/\/comunus.ch\/information-investisseurs-mai-2025\/#primaryimage","url":"https:\/\/comunus.ch\/wp-content\/uploads\/2025\/05\/FACADE-15_12.jpg","contentUrl":"https:\/\/comunus.ch\/wp-content\/uploads\/2025\/05\/FACADE-15_12.jpg","width":2190,"height":1776},{"@type":"BreadcrumbList","@id":"https:\/\/comunus.ch\/information-investisseurs-mai-2025\/#breadcrumb","itemListElement":[{"@type":"ListItem","position":1,"name":"Home","item":"https:\/\/comunus.ch\/de\/"},{"@type":"ListItem","position":2,"name":"Information investisseurs &#8211; Augmentation de capital"}]},{"@type":"WebSite","@id":"https:\/\/comunus.ch\/#website","url":"https:\/\/comunus.ch\/","name":"Comunus","description":"Fonds pour investisseurs qualifi\u00e9s","publisher":{"@id":"https:\/\/comunus.ch\/#organization"},"potentialAction":[{"@type":"SearchAction","target":{"@type":"EntryPoint","urlTemplate":"https:\/\/comunus.ch\/?s={search_term_string}"},"query-input":{"@type":"PropertyValueSpecification","valueRequired":true,"valueName":"search_term_string"}}],"inLanguage":"de"},{"@type":"Organization","@id":"https:\/\/comunus.ch\/#organization","name":"Comunus","url":"https:\/\/comunus.ch\/","logo":{"@type":"ImageObject","inLanguage":"de","@id":"https:\/\/comunus.ch\/#\/schema\/logo\/image\/","url":"https:\/\/comunus.ch\/wp-content\/uploads\/2023\/07\/logo-comunus.svg","contentUrl":"https:\/\/comunus.ch\/wp-content\/uploads\/2023\/07\/logo-comunus.svg","width":190,"height":26,"caption":"Comunus"},"image":{"@id":"https:\/\/comunus.ch\/#\/schema\/logo\/image\/"}},{"@type":"Person","@id":"https:\/\/comunus.ch\/#\/schema\/person\/09fd7208ff0bb22afaf011090845c331","name":"Comunus","image":{"@type":"ImageObject","inLanguage":"de","@id":"https:\/\/secure.gravatar.com\/avatar\/22a43bcdb37518e1004920f2e42ae92c2744ff38ba3a5b194cdcd23c842ba884?s=96&d=mm&r=g","url":"https:\/\/secure.gravatar.com\/avatar\/22a43bcdb37518e1004920f2e42ae92c2744ff38ba3a5b194cdcd23c842ba884?s=96&d=mm&r=g","contentUrl":"https:\/\/secure.gravatar.com\/avatar\/22a43bcdb37518e1004920f2e42ae92c2744ff38ba3a5b194cdcd23c842ba884?s=96&d=mm&r=g","caption":"Comunus"},"url":"https:\/\/comunus.ch\/de\/author\/editeurcomunus\/"}]}},"_links":{"self":[{"href":"https:\/\/comunus.ch\/de\/wp-json\/wp\/v2\/posts\/4491","targetHints":{"allow":["GET"]}}],"collection":[{"href":"https:\/\/comunus.ch\/de\/wp-json\/wp\/v2\/posts"}],"about":[{"href":"https:\/\/comunus.ch\/de\/wp-json\/wp\/v2\/types\/post"}],"author":[{"embeddable":true,"href":"https:\/\/comunus.ch\/de\/wp-json\/wp\/v2\/users\/4"}],"replies":[{"embeddable":true,"href":"https:\/\/comunus.ch\/de\/wp-json\/wp\/v2\/comments?post=4491"}],"version-history":[{"count":8,"href":"https:\/\/comunus.ch\/de\/wp-json\/wp\/v2\/posts\/4491\/revisions"}],"predecessor-version":[{"id":4554,"href":"https:\/\/comunus.ch\/de\/wp-json\/wp\/v2\/posts\/4491\/revisions\/4554"}],"wp:featuredmedia":[{"embeddable":true,"href":"https:\/\/comunus.ch\/de\/wp-json\/wp\/v2\/media\/4492"}],"wp:attachment":[{"href":"https:\/\/comunus.ch\/de\/wp-json\/wp\/v2\/media?parent=4491"}],"wp:term":[{"taxonomy":"category","embeddable":true,"href":"https:\/\/comunus.ch\/de\/wp-json\/wp\/v2\/categories?post=4491"},{"taxonomy":"post_tag","embeddable":true,"href":"https:\/\/comunus.ch\/de\/wp-json\/wp\/v2\/tags?post=4491"},{"taxonomy":"type-of-post","embeddable":true,"href":"https:\/\/comunus.ch\/de\/wp-json\/wp\/v2\/type-of-post?post=4491"},{"taxonomy":"post-year","embeddable":true,"href":"https:\/\/comunus.ch\/de\/wp-json\/wp\/v2\/post-year?post=4491"}],"curies":[{"name":"wp","href":"https:\/\/api.w.org\/{rel}","templated":true}]}}