{"id":4421,"date":"2025-04-01T10:58:54","date_gmt":"2025-04-01T08:58:54","guid":{"rendered":"https:\/\/comunus.ch\/?p=4421"},"modified":"2025-10-05T13:41:52","modified_gmt":"2025-10-05T11:41:52","slug":"convocation-a-lassemblee-generale-ordinaire","status":"publish","type":"post","link":"https:\/\/comunus.ch\/de\/convocation-a-lassemblee-generale-ordinaire\/","title":{"rendered":"Convocation \u00e0 l\u2019Assembl\u00e9e g\u00e9n\u00e9rale ordinaire"},"content":{"rendered":"\n<p>Les actionnaires ont \u00e9t\u00e9 convoqu\u00e9s \u00e0 l\u2019Assembl\u00e9e ordinaire le mardi 22 avril 2025 \u00e0 11h00 au si\u00e8ge de Comunus SICAV afin d\u2019approuver le rapport annuel, de d\u00e9cider de l\u2019affectation du r\u00e9sultat et d&#8217;\u00e9lire le Conseil d\u2019administration.<\/p>\n\n\n\n<div data-wp-interactive=\"core\/file\" class=\"wp-block-file\"><object data-wp-bind--hidden=\"!state.hasPdfPreview\" hidden class=\"wp-block-file__embed\" data=\"https:\/\/comunus.ch\/wp-content\/uploads\/2025\/04\/Ordre-du-jour_convocation_AG-22-avril-2025.pdf\" type=\"application\/pdf\" style=\"width:100%;height:600px\" aria-label=\"Einbettung von Ordre du jour_convocation_AG 22 avril 2025.\"><\/object><a id=\"wp-block-file--media-b5149f70-b752-42a0-be33-784b70c2a346\" href=\"https:\/\/comunus.ch\/wp-content\/uploads\/2025\/04\/Ordre-du-jour_convocation_AG-22-avril-2025.pdf\">Ordre du jour_convocation_AG 22 avril 2025<\/a><a href=\"https:\/\/comunus.ch\/wp-content\/uploads\/2025\/04\/Ordre-du-jour_convocation_AG-22-avril-2025.pdf\" class=\"wp-block-file__button wp-element-button\" download aria-describedby=\"wp-block-file--media-b5149f70-b752-42a0-be33-784b70c2a346\">T\u00e9l\u00e9charger<\/a><\/div>\n\n\n\n<p><\/p>\n","protected":false},"excerpt":{"rendered":"<p>Les actionnaires ont \u00e9t\u00e9 convoqu\u00e9s \u00e0 l\u2019Assembl\u00e9e ordinaire le mardi 22 avril 2025 \u00e0 11h00 au si\u00e8ge de Comunus SICAV [&hellip;]<\/p>\n","protected":false},"author":4,"featured_media":2797,"comment_status":"closed","ping_status":"closed","sticky":false,"template":"","format":"standard","meta":{"_acf_changed":false,"footnotes":""},"categories":[3],"tags":[],"type-of-post":[],"post-year":[95],"class_list":["post-4421","post","type-post","status-publish","format-standard","has-post-thumbnail","hentry","category-actualites","post-year-95"],"acf":[],"yoast_head":"<!-- This site is optimized with the Yoast SEO plugin v27.4 - https:\/\/yoast.com\/product\/yoast-seo-wordpress\/ -->\n<title>Convocation \u00e0 l\u2019Assembl\u00e9e g\u00e9n\u00e9rale ordinaire - Comunus<\/title>\n<meta name=\"robots\" content=\"index, follow, max-snippet:-1, max-image-preview:large, max-video-preview:-1\" \/>\n<link rel=\"canonical\" href=\"https:\/\/comunus.ch\/convocation-a-lassemblee-generale-ordinaire\/\" \/>\n<meta property=\"og:locale\" content=\"de_DE\" \/>\n<meta property=\"og:type\" content=\"article\" \/>\n<meta property=\"og:title\" content=\"Convocation \u00e0 l\u2019Assembl\u00e9e g\u00e9n\u00e9rale ordinaire - Comunus\" \/>\n<meta property=\"og:description\" content=\"Les actionnaires ont \u00e9t\u00e9 convoqu\u00e9s \u00e0 l\u2019Assembl\u00e9e ordinaire le mardi 22 avril 2025 \u00e0 11h00 au si\u00e8ge de Comunus SICAV [&hellip;]\" \/>\n<meta property=\"og:url\" content=\"https:\/\/comunus.ch\/convocation-a-lassemblee-generale-ordinaire\/\" \/>\n<meta property=\"og:site_name\" content=\"Comunus\" \/>\n<meta property=\"article:published_time\" content=\"2025-04-01T08:58:54+00:00\" \/>\n<meta property=\"article:modified_time\" content=\"2025-10-05T11:41:52+00:00\" \/>\n<meta property=\"og:image\" content=\"https:\/\/comunus.ch\/wp-content\/uploads\/2023\/06\/kelly-sikkema-eNKrRic2wx0-unsplash.jpg\" \/>\n\t<meta property=\"og:image:width\" content=\"1024\" \/>\n\t<meta property=\"og:image:height\" content=\"683\" \/>\n\t<meta property=\"og:image:type\" content=\"image\/jpeg\" \/>\n<meta name=\"author\" content=\"Comunus\" \/>\n<meta name=\"twitter:card\" content=\"summary_large_image\" \/>\n<meta name=\"twitter:label1\" content=\"Verfasst von\" \/>\n\t<meta name=\"twitter:data1\" content=\"Comunus\" \/>\n\t<meta name=\"twitter:label2\" content=\"Gesch\u00e4tzte Lesezeit\" \/>\n\t<meta name=\"twitter:data2\" content=\"1\u00a0Minute\" \/>\n<script type=\"application\/ld+json\" class=\"yoast-schema-graph\">{\"@context\":\"https:\\\/\\\/schema.org\",\"@graph\":[{\"@type\":\"Article\",\"@id\":\"https:\\\/\\\/comunus.ch\\\/convocation-a-lassemblee-generale-ordinaire\\\/#article\",\"isPartOf\":{\"@id\":\"https:\\\/\\\/comunus.ch\\\/convocation-a-lassemblee-generale-ordinaire\\\/\"},\"author\":{\"name\":\"Comunus\",\"@id\":\"https:\\\/\\\/comunus.ch\\\/#\\\/schema\\\/person\\\/09fd7208ff0bb22afaf011090845c331\"},\"headline\":\"Convocation \u00e0 l\u2019Assembl\u00e9e g\u00e9n\u00e9rale ordinaire\",\"datePublished\":\"2025-04-01T08:58:54+00:00\",\"dateModified\":\"2025-10-05T11:41:52+00:00\",\"mainEntityOfPage\":{\"@id\":\"https:\\\/\\\/comunus.ch\\\/convocation-a-lassemblee-generale-ordinaire\\\/\"},\"wordCount\":59,\"publisher\":{\"@id\":\"https:\\\/\\\/comunus.ch\\\/#organization\"},\"image\":{\"@id\":\"https:\\\/\\\/comunus.ch\\\/convocation-a-lassemblee-generale-ordinaire\\\/#primaryimage\"},\"thumbnailUrl\":\"https:\\\/\\\/comunus.ch\\\/wp-content\\\/uploads\\\/2023\\\/06\\\/kelly-sikkema-eNKrRic2wx0-unsplash.jpg\",\"articleSection\":[\"Actualit\u00e9s\"],\"inLanguage\":\"de\"},{\"@type\":\"WebPage\",\"@id\":\"https:\\\/\\\/comunus.ch\\\/convocation-a-lassemblee-generale-ordinaire\\\/\",\"url\":\"https:\\\/\\\/comunus.ch\\\/convocation-a-lassemblee-generale-ordinaire\\\/\",\"name\":\"Convocation \u00e0 l\u2019Assembl\u00e9e g\u00e9n\u00e9rale ordinaire - Comunus\",\"isPartOf\":{\"@id\":\"https:\\\/\\\/comunus.ch\\\/#website\"},\"primaryImageOfPage\":{\"@id\":\"https:\\\/\\\/comunus.ch\\\/convocation-a-lassemblee-generale-ordinaire\\\/#primaryimage\"},\"image\":{\"@id\":\"https:\\\/\\\/comunus.ch\\\/convocation-a-lassemblee-generale-ordinaire\\\/#primaryimage\"},\"thumbnailUrl\":\"https:\\\/\\\/comunus.ch\\\/wp-content\\\/uploads\\\/2023\\\/06\\\/kelly-sikkema-eNKrRic2wx0-unsplash.jpg\",\"datePublished\":\"2025-04-01T08:58:54+00:00\",\"dateModified\":\"2025-10-05T11:41:52+00:00\",\"breadcrumb\":{\"@id\":\"https:\\\/\\\/comunus.ch\\\/convocation-a-lassemblee-generale-ordinaire\\\/#breadcrumb\"},\"inLanguage\":\"de\",\"potentialAction\":[{\"@type\":\"ReadAction\",\"target\":[\"https:\\\/\\\/comunus.ch\\\/convocation-a-lassemblee-generale-ordinaire\\\/\"]}]},{\"@type\":\"ImageObject\",\"inLanguage\":\"de\",\"@id\":\"https:\\\/\\\/comunus.ch\\\/convocation-a-lassemblee-generale-ordinaire\\\/#primaryimage\",\"url\":\"https:\\\/\\\/comunus.ch\\\/wp-content\\\/uploads\\\/2023\\\/06\\\/kelly-sikkema-eNKrRic2wx0-unsplash.jpg\",\"contentUrl\":\"https:\\\/\\\/comunus.ch\\\/wp-content\\\/uploads\\\/2023\\\/06\\\/kelly-sikkema-eNKrRic2wx0-unsplash.jpg\",\"width\":1024,\"height\":683},{\"@type\":\"BreadcrumbList\",\"@id\":\"https:\\\/\\\/comunus.ch\\\/convocation-a-lassemblee-generale-ordinaire\\\/#breadcrumb\",\"itemListElement\":[{\"@type\":\"ListItem\",\"position\":1,\"name\":\"Home\",\"item\":\"https:\\\/\\\/comunus.ch\\\/de\\\/\"},{\"@type\":\"ListItem\",\"position\":2,\"name\":\"Convocation \u00e0 l\u2019Assembl\u00e9e g\u00e9n\u00e9rale ordinaire\"}]},{\"@type\":\"WebSite\",\"@id\":\"https:\\\/\\\/comunus.ch\\\/#website\",\"url\":\"https:\\\/\\\/comunus.ch\\\/\",\"name\":\"Comunus\",\"description\":\"Fonds pour investisseurs qualifi\u00e9s\",\"publisher\":{\"@id\":\"https:\\\/\\\/comunus.ch\\\/#organization\"},\"potentialAction\":[{\"@type\":\"SearchAction\",\"target\":{\"@type\":\"EntryPoint\",\"urlTemplate\":\"https:\\\/\\\/comunus.ch\\\/?s={search_term_string}\"},\"query-input\":{\"@type\":\"PropertyValueSpecification\",\"valueRequired\":true,\"valueName\":\"search_term_string\"}}],\"inLanguage\":\"de\"},{\"@type\":\"Organization\",\"@id\":\"https:\\\/\\\/comunus.ch\\\/#organization\",\"name\":\"Comunus\",\"url\":\"https:\\\/\\\/comunus.ch\\\/\",\"logo\":{\"@type\":\"ImageObject\",\"inLanguage\":\"de\",\"@id\":\"https:\\\/\\\/comunus.ch\\\/#\\\/schema\\\/logo\\\/image\\\/\",\"url\":\"https:\\\/\\\/comunus.ch\\\/wp-content\\\/uploads\\\/2023\\\/07\\\/logo-comunus.svg\",\"contentUrl\":\"https:\\\/\\\/comunus.ch\\\/wp-content\\\/uploads\\\/2023\\\/07\\\/logo-comunus.svg\",\"width\":190,\"height\":26,\"caption\":\"Comunus\"},\"image\":{\"@id\":\"https:\\\/\\\/comunus.ch\\\/#\\\/schema\\\/logo\\\/image\\\/\"}},{\"@type\":\"Person\",\"@id\":\"https:\\\/\\\/comunus.ch\\\/#\\\/schema\\\/person\\\/09fd7208ff0bb22afaf011090845c331\",\"name\":\"Comunus\",\"image\":{\"@type\":\"ImageObject\",\"inLanguage\":\"de\",\"@id\":\"https:\\\/\\\/secure.gravatar.com\\\/avatar\\\/22a43bcdb37518e1004920f2e42ae92c2744ff38ba3a5b194cdcd23c842ba884?s=96&d=mm&r=g\",\"url\":\"https:\\\/\\\/secure.gravatar.com\\\/avatar\\\/22a43bcdb37518e1004920f2e42ae92c2744ff38ba3a5b194cdcd23c842ba884?s=96&d=mm&r=g\",\"contentUrl\":\"https:\\\/\\\/secure.gravatar.com\\\/avatar\\\/22a43bcdb37518e1004920f2e42ae92c2744ff38ba3a5b194cdcd23c842ba884?s=96&d=mm&r=g\",\"caption\":\"Comunus\"},\"url\":\"https:\\\/\\\/comunus.ch\\\/de\\\/author\\\/editeurcomunus\\\/\"}]}<\/script>\n<!-- \/ Yoast SEO plugin. -->","yoast_head_json":{"title":"Convocation \u00e0 l\u2019Assembl\u00e9e g\u00e9n\u00e9rale ordinaire - Comunus","robots":{"index":"index","follow":"follow","max-snippet":"max-snippet:-1","max-image-preview":"max-image-preview:large","max-video-preview":"max-video-preview:-1"},"canonical":"https:\/\/comunus.ch\/convocation-a-lassemblee-generale-ordinaire\/","og_locale":"de_DE","og_type":"article","og_title":"Convocation \u00e0 l\u2019Assembl\u00e9e g\u00e9n\u00e9rale ordinaire - Comunus","og_description":"Les actionnaires ont \u00e9t\u00e9 convoqu\u00e9s \u00e0 l\u2019Assembl\u00e9e ordinaire le mardi 22 avril 2025 \u00e0 11h00 au si\u00e8ge de Comunus SICAV [&hellip;]","og_url":"https:\/\/comunus.ch\/convocation-a-lassemblee-generale-ordinaire\/","og_site_name":"Comunus","article_published_time":"2025-04-01T08:58:54+00:00","article_modified_time":"2025-10-05T11:41:52+00:00","og_image":[{"width":1024,"height":683,"url":"https:\/\/comunus.ch\/wp-content\/uploads\/2023\/06\/kelly-sikkema-eNKrRic2wx0-unsplash.jpg","type":"image\/jpeg"}],"author":"Comunus","twitter_card":"summary_large_image","twitter_misc":{"Verfasst von":"Comunus","Gesch\u00e4tzte Lesezeit":"1\u00a0Minute"},"schema":{"@context":"https:\/\/schema.org","@graph":[{"@type":"Article","@id":"https:\/\/comunus.ch\/convocation-a-lassemblee-generale-ordinaire\/#article","isPartOf":{"@id":"https:\/\/comunus.ch\/convocation-a-lassemblee-generale-ordinaire\/"},"author":{"name":"Comunus","@id":"https:\/\/comunus.ch\/#\/schema\/person\/09fd7208ff0bb22afaf011090845c331"},"headline":"Convocation \u00e0 l\u2019Assembl\u00e9e g\u00e9n\u00e9rale ordinaire","datePublished":"2025-04-01T08:58:54+00:00","dateModified":"2025-10-05T11:41:52+00:00","mainEntityOfPage":{"@id":"https:\/\/comunus.ch\/convocation-a-lassemblee-generale-ordinaire\/"},"wordCount":59,"publisher":{"@id":"https:\/\/comunus.ch\/#organization"},"image":{"@id":"https:\/\/comunus.ch\/convocation-a-lassemblee-generale-ordinaire\/#primaryimage"},"thumbnailUrl":"https:\/\/comunus.ch\/wp-content\/uploads\/2023\/06\/kelly-sikkema-eNKrRic2wx0-unsplash.jpg","articleSection":["Actualit\u00e9s"],"inLanguage":"de"},{"@type":"WebPage","@id":"https:\/\/comunus.ch\/convocation-a-lassemblee-generale-ordinaire\/","url":"https:\/\/comunus.ch\/convocation-a-lassemblee-generale-ordinaire\/","name":"Convocation \u00e0 l\u2019Assembl\u00e9e g\u00e9n\u00e9rale ordinaire - Comunus","isPartOf":{"@id":"https:\/\/comunus.ch\/#website"},"primaryImageOfPage":{"@id":"https:\/\/comunus.ch\/convocation-a-lassemblee-generale-ordinaire\/#primaryimage"},"image":{"@id":"https:\/\/comunus.ch\/convocation-a-lassemblee-generale-ordinaire\/#primaryimage"},"thumbnailUrl":"https:\/\/comunus.ch\/wp-content\/uploads\/2023\/06\/kelly-sikkema-eNKrRic2wx0-unsplash.jpg","datePublished":"2025-04-01T08:58:54+00:00","dateModified":"2025-10-05T11:41:52+00:00","breadcrumb":{"@id":"https:\/\/comunus.ch\/convocation-a-lassemblee-generale-ordinaire\/#breadcrumb"},"inLanguage":"de","potentialAction":[{"@type":"ReadAction","target":["https:\/\/comunus.ch\/convocation-a-lassemblee-generale-ordinaire\/"]}]},{"@type":"ImageObject","inLanguage":"de","@id":"https:\/\/comunus.ch\/convocation-a-lassemblee-generale-ordinaire\/#primaryimage","url":"https:\/\/comunus.ch\/wp-content\/uploads\/2023\/06\/kelly-sikkema-eNKrRic2wx0-unsplash.jpg","contentUrl":"https:\/\/comunus.ch\/wp-content\/uploads\/2023\/06\/kelly-sikkema-eNKrRic2wx0-unsplash.jpg","width":1024,"height":683},{"@type":"BreadcrumbList","@id":"https:\/\/comunus.ch\/convocation-a-lassemblee-generale-ordinaire\/#breadcrumb","itemListElement":[{"@type":"ListItem","position":1,"name":"Home","item":"https:\/\/comunus.ch\/de\/"},{"@type":"ListItem","position":2,"name":"Convocation \u00e0 l\u2019Assembl\u00e9e g\u00e9n\u00e9rale ordinaire"}]},{"@type":"WebSite","@id":"https:\/\/comunus.ch\/#website","url":"https:\/\/comunus.ch\/","name":"Comunus","description":"Fonds pour investisseurs qualifi\u00e9s","publisher":{"@id":"https:\/\/comunus.ch\/#organization"},"potentialAction":[{"@type":"SearchAction","target":{"@type":"EntryPoint","urlTemplate":"https:\/\/comunus.ch\/?s={search_term_string}"},"query-input":{"@type":"PropertyValueSpecification","valueRequired":true,"valueName":"search_term_string"}}],"inLanguage":"de"},{"@type":"Organization","@id":"https:\/\/comunus.ch\/#organization","name":"Comunus","url":"https:\/\/comunus.ch\/","logo":{"@type":"ImageObject","inLanguage":"de","@id":"https:\/\/comunus.ch\/#\/schema\/logo\/image\/","url":"https:\/\/comunus.ch\/wp-content\/uploads\/2023\/07\/logo-comunus.svg","contentUrl":"https:\/\/comunus.ch\/wp-content\/uploads\/2023\/07\/logo-comunus.svg","width":190,"height":26,"caption":"Comunus"},"image":{"@id":"https:\/\/comunus.ch\/#\/schema\/logo\/image\/"}},{"@type":"Person","@id":"https:\/\/comunus.ch\/#\/schema\/person\/09fd7208ff0bb22afaf011090845c331","name":"Comunus","image":{"@type":"ImageObject","inLanguage":"de","@id":"https:\/\/secure.gravatar.com\/avatar\/22a43bcdb37518e1004920f2e42ae92c2744ff38ba3a5b194cdcd23c842ba884?s=96&d=mm&r=g","url":"https:\/\/secure.gravatar.com\/avatar\/22a43bcdb37518e1004920f2e42ae92c2744ff38ba3a5b194cdcd23c842ba884?s=96&d=mm&r=g","contentUrl":"https:\/\/secure.gravatar.com\/avatar\/22a43bcdb37518e1004920f2e42ae92c2744ff38ba3a5b194cdcd23c842ba884?s=96&d=mm&r=g","caption":"Comunus"},"url":"https:\/\/comunus.ch\/de\/author\/editeurcomunus\/"}]}},"_links":{"self":[{"href":"https:\/\/comunus.ch\/de\/wp-json\/wp\/v2\/posts\/4421","targetHints":{"allow":["GET"]}}],"collection":[{"href":"https:\/\/comunus.ch\/de\/wp-json\/wp\/v2\/posts"}],"about":[{"href":"https:\/\/comunus.ch\/de\/wp-json\/wp\/v2\/types\/post"}],"author":[{"embeddable":true,"href":"https:\/\/comunus.ch\/de\/wp-json\/wp\/v2\/users\/4"}],"replies":[{"embeddable":true,"href":"https:\/\/comunus.ch\/de\/wp-json\/wp\/v2\/comments?post=4421"}],"version-history":[{"count":6,"href":"https:\/\/comunus.ch\/de\/wp-json\/wp\/v2\/posts\/4421\/revisions"}],"predecessor-version":[{"id":4433,"href":"https:\/\/comunus.ch\/de\/wp-json\/wp\/v2\/posts\/4421\/revisions\/4433"}],"wp:featuredmedia":[{"embeddable":true,"href":"https:\/\/comunus.ch\/de\/wp-json\/wp\/v2\/media\/2797"}],"wp:attachment":[{"href":"https:\/\/comunus.ch\/de\/wp-json\/wp\/v2\/media?parent=4421"}],"wp:term":[{"taxonomy":"category","embeddable":true,"href":"https:\/\/comunus.ch\/de\/wp-json\/wp\/v2\/categories?post=4421"},{"taxonomy":"post_tag","embeddable":true,"href":"https:\/\/comunus.ch\/de\/wp-json\/wp\/v2\/tags?post=4421"},{"taxonomy":"type-of-post","embeddable":true,"href":"https:\/\/comunus.ch\/de\/wp-json\/wp\/v2\/type-of-post?post=4421"},{"taxonomy":"post-year","embeddable":true,"href":"https:\/\/comunus.ch\/de\/wp-json\/wp\/v2\/post-year?post=4421"}],"curies":[{"name":"wp","href":"https:\/\/api.w.org\/{rel}","templated":true}]}}