{"id":4263,"date":"2024-12-17T10:22:01","date_gmt":"2024-12-17T09:22:01","guid":{"rendered":"https:\/\/comunus.ch\/?p=4263"},"modified":"2025-10-05T13:42:39","modified_gmt":"2025-10-05T11:42:39","slug":"succes-de-laugmentation-de-capital-chf-59-millions-ont-ete-leves","status":"publish","type":"post","link":"https:\/\/comunus.ch\/de\/succes-de-laugmentation-de-capital-chf-59-millions-ont-ete-leves\/","title":{"rendered":"Succ\u00e8s de l\u2019augmentation de capital: CHF 59 millions ont \u00e9t\u00e9 lev\u00e9s."},"content":{"rendered":"\n<p><strong>Comunus SICAV vient de lever pr\u00e8s de CHF 59 millions. Cette deuxi\u00e8me augmentation de capital de l\u2019ann\u00e9e<\/strong><strong> a \u00e9t\u00e9 largement sursouscrite et permettra d\u2019atteindre une fortune brute proche des CHF 700 millions en janvier 2025<\/strong><strong>.<\/strong><\/p>\n\n\n\n<p>Dans le cadre de sa r\u00e9cente augmentation de capital dont la p\u00e9riode de souscription s\u2019est \u00e9tendue du 25 novembre au 6 d\u00e9cembre 2024, Comunus SICAV a le plaisir d\u2019annoncer que l\u2019op\u00e9ration a rencontr\u00e9 un plein succ\u00e8s.<\/p>\n\n\n\n<p>Avec CHF 59 millions de fonds lev\u00e9s lors de cette augmentation de capital, correspondant \u00e0 l\u2019\u00e9mission de 324\u2019231 nouvelles actions, le nombre total d\u2019actions en circulation s\u2019\u00e9l\u00e8ve d\u00e9sormais \u00e0 2\u2019593\u2019850. Ces nouvelles actions ont \u00e9t\u00e9 lib\u00e9r\u00e9es le 13 d\u00e9cembre 2024.<\/p>\n\n\n\n<p>Le produit de l\u2019\u00e9mission sera destin\u00e9 \u00e0 l\u2019acquisition d\u2019un portefeuille d\u2019immeubles essentiellement r\u00e9sidentiels situ\u00e9s dans l\u2019arc l\u00e9manique, offrant un fort potentiel de valeur ajout\u00e9e pour les actionnaires.<\/p>\n\n\n\n<p>Certaines de ces propri\u00e9t\u00e9s feront l\u2019objet de d\u00e9veloppements afin de g\u00e9n\u00e9rer des gains en capitaux dans les ann\u00e9es \u00e0 venir. Les fonds lev\u00e9s permettront \u00e9galement de r\u00e9duire le taux d\u2019endettement et de financer les travaux sur les immeubles de d\u00e9veloppement.<\/p>\n\n\n\n<p>Le succ\u00e8s des r\u00e9centes lev\u00e9es de fonds, totalisant un montant de CHF 115 millions en 2024, illustre la pertinence de la strat\u00e9gie immobili\u00e8re de Comunus SICAV. Ces op\u00e9rations t\u00e9moignent de la confiance des investisseurs, existants et nouveaux entrants, et renforcent la reconnaissance croissante du fonds sur le march\u00e9 immobilier titris\u00e9.<\/p>\n\n\n\n<p>Avec une fortune brute qui atteindra prochainement CHF 700 millions et un portefeuille de plus de 50 immeubles, la SICAV affiche une croissance solide et qualitative, en ligne avec son ambition d\u2019entr\u00e9e en bourse pr\u00e9vue pour le premier semestre 2025.<\/p>\n\n\n\n<p><a href=\"https:\/\/comunus.ch\/wp-content\/uploads\/2024\/12\/Information-Investisseurs_Augmentation-de-capital_13.12.2024.pdf\"><strong>Succ\u00e8s de l&#8217;augmentation de capital: CHF 59 millions ont \u00e9t\u00e9 lev\u00e9s<\/strong><\/a><\/p>\n","protected":false},"excerpt":{"rendered":"<p>Comunus SICAV vient de lever pr\u00e8s de CHF 59 millions. Cette deuxi\u00e8me augmentation de capital de l\u2019ann\u00e9e a \u00e9t\u00e9 largement [&hellip;]<\/p>\n","protected":false},"author":4,"featured_media":2811,"comment_status":"closed","ping_status":"closed","sticky":false,"template":"","format":"standard","meta":{"_acf_changed":false,"footnotes":""},"categories":[3],"tags":[],"type-of-post":[],"post-year":[96],"class_list":["post-4263","post","type-post","status-publish","format-standard","has-post-thumbnail","hentry","category-actualites","post-year-96"],"acf":[],"yoast_head":"<!-- This site is optimized with the Yoast SEO plugin v27.4 - https:\/\/yoast.com\/product\/yoast-seo-wordpress\/ -->\n<title>Succ\u00e8s de l\u2019augmentation de capital: CHF 59 millions ont \u00e9t\u00e9 lev\u00e9s. - Comunus<\/title>\n<meta name=\"robots\" content=\"index, follow, max-snippet:-1, max-image-preview:large, max-video-preview:-1\" \/>\n<link rel=\"canonical\" href=\"https:\/\/comunus.ch\/succes-de-laugmentation-de-capital-chf-59-millions-ont-ete-leves\/\" \/>\n<meta property=\"og:locale\" content=\"de_DE\" \/>\n<meta property=\"og:type\" content=\"article\" \/>\n<meta property=\"og:title\" content=\"Succ\u00e8s de l\u2019augmentation de capital: CHF 59 millions ont \u00e9t\u00e9 lev\u00e9s. - Comunus\" \/>\n<meta property=\"og:description\" content=\"Comunus SICAV vient de lever pr\u00e8s de CHF 59 millions. Cette deuxi\u00e8me augmentation de capital de l\u2019ann\u00e9e a \u00e9t\u00e9 largement [&hellip;]\" \/>\n<meta property=\"og:url\" content=\"https:\/\/comunus.ch\/succes-de-laugmentation-de-capital-chf-59-millions-ont-ete-leves\/\" \/>\n<meta property=\"og:site_name\" content=\"Comunus\" \/>\n<meta property=\"article:published_time\" content=\"2024-12-17T09:22:01+00:00\" \/>\n<meta property=\"article:modified_time\" content=\"2025-10-05T11:42:39+00:00\" \/>\n<meta property=\"og:image\" content=\"https:\/\/comunus.ch\/wp-content\/uploads\/2023\/07\/Actu_CapitalReussi.jpg\" \/>\n\t<meta property=\"og:image:width\" content=\"1024\" \/>\n\t<meta property=\"og:image:height\" content=\"683\" \/>\n\t<meta property=\"og:image:type\" content=\"image\/jpeg\" \/>\n<meta name=\"author\" content=\"Comunus\" \/>\n<meta name=\"twitter:card\" content=\"summary_large_image\" \/>\n<meta name=\"twitter:label1\" content=\"Verfasst von\" \/>\n\t<meta name=\"twitter:data1\" content=\"Comunus\" \/>\n\t<meta name=\"twitter:label2\" content=\"Gesch\u00e4tzte Lesezeit\" \/>\n\t<meta name=\"twitter:data2\" content=\"2\u00a0Minuten\" \/>\n<script type=\"application\/ld+json\" class=\"yoast-schema-graph\">{\"@context\":\"https:\\\/\\\/schema.org\",\"@graph\":[{\"@type\":\"Article\",\"@id\":\"https:\\\/\\\/comunus.ch\\\/succes-de-laugmentation-de-capital-chf-59-millions-ont-ete-leves\\\/#article\",\"isPartOf\":{\"@id\":\"https:\\\/\\\/comunus.ch\\\/succes-de-laugmentation-de-capital-chf-59-millions-ont-ete-leves\\\/\"},\"author\":{\"name\":\"Comunus\",\"@id\":\"https:\\\/\\\/comunus.ch\\\/#\\\/schema\\\/person\\\/09fd7208ff0bb22afaf011090845c331\"},\"headline\":\"Succ\u00e8s de l\u2019augmentation de capital: CHF 59 millions ont \u00e9t\u00e9 lev\u00e9s.\",\"datePublished\":\"2024-12-17T09:22:01+00:00\",\"dateModified\":\"2025-10-05T11:42:39+00:00\",\"mainEntityOfPage\":{\"@id\":\"https:\\\/\\\/comunus.ch\\\/succes-de-laugmentation-de-capital-chf-59-millions-ont-ete-leves\\\/\"},\"wordCount\":326,\"publisher\":{\"@id\":\"https:\\\/\\\/comunus.ch\\\/#organization\"},\"image\":{\"@id\":\"https:\\\/\\\/comunus.ch\\\/succes-de-laugmentation-de-capital-chf-59-millions-ont-ete-leves\\\/#primaryimage\"},\"thumbnailUrl\":\"https:\\\/\\\/comunus.ch\\\/wp-content\\\/uploads\\\/2023\\\/07\\\/Actu_CapitalReussi.jpg\",\"articleSection\":[\"Actualit\u00e9s\"],\"inLanguage\":\"de\"},{\"@type\":\"WebPage\",\"@id\":\"https:\\\/\\\/comunus.ch\\\/succes-de-laugmentation-de-capital-chf-59-millions-ont-ete-leves\\\/\",\"url\":\"https:\\\/\\\/comunus.ch\\\/succes-de-laugmentation-de-capital-chf-59-millions-ont-ete-leves\\\/\",\"name\":\"Succ\u00e8s de l\u2019augmentation de capital: CHF 59 millions ont \u00e9t\u00e9 lev\u00e9s. - Comunus\",\"isPartOf\":{\"@id\":\"https:\\\/\\\/comunus.ch\\\/#website\"},\"primaryImageOfPage\":{\"@id\":\"https:\\\/\\\/comunus.ch\\\/succes-de-laugmentation-de-capital-chf-59-millions-ont-ete-leves\\\/#primaryimage\"},\"image\":{\"@id\":\"https:\\\/\\\/comunus.ch\\\/succes-de-laugmentation-de-capital-chf-59-millions-ont-ete-leves\\\/#primaryimage\"},\"thumbnailUrl\":\"https:\\\/\\\/comunus.ch\\\/wp-content\\\/uploads\\\/2023\\\/07\\\/Actu_CapitalReussi.jpg\",\"datePublished\":\"2024-12-17T09:22:01+00:00\",\"dateModified\":\"2025-10-05T11:42:39+00:00\",\"breadcrumb\":{\"@id\":\"https:\\\/\\\/comunus.ch\\\/succes-de-laugmentation-de-capital-chf-59-millions-ont-ete-leves\\\/#breadcrumb\"},\"inLanguage\":\"de\",\"potentialAction\":[{\"@type\":\"ReadAction\",\"target\":[\"https:\\\/\\\/comunus.ch\\\/succes-de-laugmentation-de-capital-chf-59-millions-ont-ete-leves\\\/\"]}]},{\"@type\":\"ImageObject\",\"inLanguage\":\"de\",\"@id\":\"https:\\\/\\\/comunus.ch\\\/succes-de-laugmentation-de-capital-chf-59-millions-ont-ete-leves\\\/#primaryimage\",\"url\":\"https:\\\/\\\/comunus.ch\\\/wp-content\\\/uploads\\\/2023\\\/07\\\/Actu_CapitalReussi.jpg\",\"contentUrl\":\"https:\\\/\\\/comunus.ch\\\/wp-content\\\/uploads\\\/2023\\\/07\\\/Actu_CapitalReussi.jpg\",\"width\":1024,\"height\":683},{\"@type\":\"BreadcrumbList\",\"@id\":\"https:\\\/\\\/comunus.ch\\\/succes-de-laugmentation-de-capital-chf-59-millions-ont-ete-leves\\\/#breadcrumb\",\"itemListElement\":[{\"@type\":\"ListItem\",\"position\":1,\"name\":\"Home\",\"item\":\"https:\\\/\\\/comunus.ch\\\/de\\\/\"},{\"@type\":\"ListItem\",\"position\":2,\"name\":\"Succ\u00e8s de l\u2019augmentation de capital: CHF 59 millions ont \u00e9t\u00e9 lev\u00e9s.\"}]},{\"@type\":\"WebSite\",\"@id\":\"https:\\\/\\\/comunus.ch\\\/#website\",\"url\":\"https:\\\/\\\/comunus.ch\\\/\",\"name\":\"Comunus\",\"description\":\"Fonds pour investisseurs qualifi\u00e9s\",\"publisher\":{\"@id\":\"https:\\\/\\\/comunus.ch\\\/#organization\"},\"potentialAction\":[{\"@type\":\"SearchAction\",\"target\":{\"@type\":\"EntryPoint\",\"urlTemplate\":\"https:\\\/\\\/comunus.ch\\\/?s={search_term_string}\"},\"query-input\":{\"@type\":\"PropertyValueSpecification\",\"valueRequired\":true,\"valueName\":\"search_term_string\"}}],\"inLanguage\":\"de\"},{\"@type\":\"Organization\",\"@id\":\"https:\\\/\\\/comunus.ch\\\/#organization\",\"name\":\"Comunus\",\"url\":\"https:\\\/\\\/comunus.ch\\\/\",\"logo\":{\"@type\":\"ImageObject\",\"inLanguage\":\"de\",\"@id\":\"https:\\\/\\\/comunus.ch\\\/#\\\/schema\\\/logo\\\/image\\\/\",\"url\":\"https:\\\/\\\/comunus.ch\\\/wp-content\\\/uploads\\\/2023\\\/07\\\/logo-comunus.svg\",\"contentUrl\":\"https:\\\/\\\/comunus.ch\\\/wp-content\\\/uploads\\\/2023\\\/07\\\/logo-comunus.svg\",\"width\":190,\"height\":26,\"caption\":\"Comunus\"},\"image\":{\"@id\":\"https:\\\/\\\/comunus.ch\\\/#\\\/schema\\\/logo\\\/image\\\/\"}},{\"@type\":\"Person\",\"@id\":\"https:\\\/\\\/comunus.ch\\\/#\\\/schema\\\/person\\\/09fd7208ff0bb22afaf011090845c331\",\"name\":\"Comunus\",\"image\":{\"@type\":\"ImageObject\",\"inLanguage\":\"de\",\"@id\":\"https:\\\/\\\/secure.gravatar.com\\\/avatar\\\/22a43bcdb37518e1004920f2e42ae92c2744ff38ba3a5b194cdcd23c842ba884?s=96&d=mm&r=g\",\"url\":\"https:\\\/\\\/secure.gravatar.com\\\/avatar\\\/22a43bcdb37518e1004920f2e42ae92c2744ff38ba3a5b194cdcd23c842ba884?s=96&d=mm&r=g\",\"contentUrl\":\"https:\\\/\\\/secure.gravatar.com\\\/avatar\\\/22a43bcdb37518e1004920f2e42ae92c2744ff38ba3a5b194cdcd23c842ba884?s=96&d=mm&r=g\",\"caption\":\"Comunus\"},\"url\":\"https:\\\/\\\/comunus.ch\\\/de\\\/author\\\/editeurcomunus\\\/\"}]}<\/script>\n<!-- \/ Yoast SEO plugin. -->","yoast_head_json":{"title":"Succ\u00e8s de l\u2019augmentation de capital: CHF 59 millions ont \u00e9t\u00e9 lev\u00e9s. - Comunus","robots":{"index":"index","follow":"follow","max-snippet":"max-snippet:-1","max-image-preview":"max-image-preview:large","max-video-preview":"max-video-preview:-1"},"canonical":"https:\/\/comunus.ch\/succes-de-laugmentation-de-capital-chf-59-millions-ont-ete-leves\/","og_locale":"de_DE","og_type":"article","og_title":"Succ\u00e8s de l\u2019augmentation de capital: CHF 59 millions ont \u00e9t\u00e9 lev\u00e9s. - Comunus","og_description":"Comunus SICAV vient de lever pr\u00e8s de CHF 59 millions. Cette deuxi\u00e8me augmentation de capital de l\u2019ann\u00e9e a \u00e9t\u00e9 largement [&hellip;]","og_url":"https:\/\/comunus.ch\/succes-de-laugmentation-de-capital-chf-59-millions-ont-ete-leves\/","og_site_name":"Comunus","article_published_time":"2024-12-17T09:22:01+00:00","article_modified_time":"2025-10-05T11:42:39+00:00","og_image":[{"width":1024,"height":683,"url":"https:\/\/comunus.ch\/wp-content\/uploads\/2023\/07\/Actu_CapitalReussi.jpg","type":"image\/jpeg"}],"author":"Comunus","twitter_card":"summary_large_image","twitter_misc":{"Verfasst von":"Comunus","Gesch\u00e4tzte Lesezeit":"2\u00a0Minuten"},"schema":{"@context":"https:\/\/schema.org","@graph":[{"@type":"Article","@id":"https:\/\/comunus.ch\/succes-de-laugmentation-de-capital-chf-59-millions-ont-ete-leves\/#article","isPartOf":{"@id":"https:\/\/comunus.ch\/succes-de-laugmentation-de-capital-chf-59-millions-ont-ete-leves\/"},"author":{"name":"Comunus","@id":"https:\/\/comunus.ch\/#\/schema\/person\/09fd7208ff0bb22afaf011090845c331"},"headline":"Succ\u00e8s de l\u2019augmentation de capital: CHF 59 millions ont \u00e9t\u00e9 lev\u00e9s.","datePublished":"2024-12-17T09:22:01+00:00","dateModified":"2025-10-05T11:42:39+00:00","mainEntityOfPage":{"@id":"https:\/\/comunus.ch\/succes-de-laugmentation-de-capital-chf-59-millions-ont-ete-leves\/"},"wordCount":326,"publisher":{"@id":"https:\/\/comunus.ch\/#organization"},"image":{"@id":"https:\/\/comunus.ch\/succes-de-laugmentation-de-capital-chf-59-millions-ont-ete-leves\/#primaryimage"},"thumbnailUrl":"https:\/\/comunus.ch\/wp-content\/uploads\/2023\/07\/Actu_CapitalReussi.jpg","articleSection":["Actualit\u00e9s"],"inLanguage":"de"},{"@type":"WebPage","@id":"https:\/\/comunus.ch\/succes-de-laugmentation-de-capital-chf-59-millions-ont-ete-leves\/","url":"https:\/\/comunus.ch\/succes-de-laugmentation-de-capital-chf-59-millions-ont-ete-leves\/","name":"Succ\u00e8s de l\u2019augmentation de capital: CHF 59 millions ont \u00e9t\u00e9 lev\u00e9s. - Comunus","isPartOf":{"@id":"https:\/\/comunus.ch\/#website"},"primaryImageOfPage":{"@id":"https:\/\/comunus.ch\/succes-de-laugmentation-de-capital-chf-59-millions-ont-ete-leves\/#primaryimage"},"image":{"@id":"https:\/\/comunus.ch\/succes-de-laugmentation-de-capital-chf-59-millions-ont-ete-leves\/#primaryimage"},"thumbnailUrl":"https:\/\/comunus.ch\/wp-content\/uploads\/2023\/07\/Actu_CapitalReussi.jpg","datePublished":"2024-12-17T09:22:01+00:00","dateModified":"2025-10-05T11:42:39+00:00","breadcrumb":{"@id":"https:\/\/comunus.ch\/succes-de-laugmentation-de-capital-chf-59-millions-ont-ete-leves\/#breadcrumb"},"inLanguage":"de","potentialAction":[{"@type":"ReadAction","target":["https:\/\/comunus.ch\/succes-de-laugmentation-de-capital-chf-59-millions-ont-ete-leves\/"]}]},{"@type":"ImageObject","inLanguage":"de","@id":"https:\/\/comunus.ch\/succes-de-laugmentation-de-capital-chf-59-millions-ont-ete-leves\/#primaryimage","url":"https:\/\/comunus.ch\/wp-content\/uploads\/2023\/07\/Actu_CapitalReussi.jpg","contentUrl":"https:\/\/comunus.ch\/wp-content\/uploads\/2023\/07\/Actu_CapitalReussi.jpg","width":1024,"height":683},{"@type":"BreadcrumbList","@id":"https:\/\/comunus.ch\/succes-de-laugmentation-de-capital-chf-59-millions-ont-ete-leves\/#breadcrumb","itemListElement":[{"@type":"ListItem","position":1,"name":"Home","item":"https:\/\/comunus.ch\/de\/"},{"@type":"ListItem","position":2,"name":"Succ\u00e8s de l\u2019augmentation de capital: CHF 59 millions ont \u00e9t\u00e9 lev\u00e9s."}]},{"@type":"WebSite","@id":"https:\/\/comunus.ch\/#website","url":"https:\/\/comunus.ch\/","name":"Comunus","description":"Fonds pour investisseurs qualifi\u00e9s","publisher":{"@id":"https:\/\/comunus.ch\/#organization"},"potentialAction":[{"@type":"SearchAction","target":{"@type":"EntryPoint","urlTemplate":"https:\/\/comunus.ch\/?s={search_term_string}"},"query-input":{"@type":"PropertyValueSpecification","valueRequired":true,"valueName":"search_term_string"}}],"inLanguage":"de"},{"@type":"Organization","@id":"https:\/\/comunus.ch\/#organization","name":"Comunus","url":"https:\/\/comunus.ch\/","logo":{"@type":"ImageObject","inLanguage":"de","@id":"https:\/\/comunus.ch\/#\/schema\/logo\/image\/","url":"https:\/\/comunus.ch\/wp-content\/uploads\/2023\/07\/logo-comunus.svg","contentUrl":"https:\/\/comunus.ch\/wp-content\/uploads\/2023\/07\/logo-comunus.svg","width":190,"height":26,"caption":"Comunus"},"image":{"@id":"https:\/\/comunus.ch\/#\/schema\/logo\/image\/"}},{"@type":"Person","@id":"https:\/\/comunus.ch\/#\/schema\/person\/09fd7208ff0bb22afaf011090845c331","name":"Comunus","image":{"@type":"ImageObject","inLanguage":"de","@id":"https:\/\/secure.gravatar.com\/avatar\/22a43bcdb37518e1004920f2e42ae92c2744ff38ba3a5b194cdcd23c842ba884?s=96&d=mm&r=g","url":"https:\/\/secure.gravatar.com\/avatar\/22a43bcdb37518e1004920f2e42ae92c2744ff38ba3a5b194cdcd23c842ba884?s=96&d=mm&r=g","contentUrl":"https:\/\/secure.gravatar.com\/avatar\/22a43bcdb37518e1004920f2e42ae92c2744ff38ba3a5b194cdcd23c842ba884?s=96&d=mm&r=g","caption":"Comunus"},"url":"https:\/\/comunus.ch\/de\/author\/editeurcomunus\/"}]}},"_links":{"self":[{"href":"https:\/\/comunus.ch\/de\/wp-json\/wp\/v2\/posts\/4263","targetHints":{"allow":["GET"]}}],"collection":[{"href":"https:\/\/comunus.ch\/de\/wp-json\/wp\/v2\/posts"}],"about":[{"href":"https:\/\/comunus.ch\/de\/wp-json\/wp\/v2\/types\/post"}],"author":[{"embeddable":true,"href":"https:\/\/comunus.ch\/de\/wp-json\/wp\/v2\/users\/4"}],"replies":[{"embeddable":true,"href":"https:\/\/comunus.ch\/de\/wp-json\/wp\/v2\/comments?post=4263"}],"version-history":[{"count":1,"href":"https:\/\/comunus.ch\/de\/wp-json\/wp\/v2\/posts\/4263\/revisions"}],"predecessor-version":[{"id":4270,"href":"https:\/\/comunus.ch\/de\/wp-json\/wp\/v2\/posts\/4263\/revisions\/4270"}],"wp:featuredmedia":[{"embeddable":true,"href":"https:\/\/comunus.ch\/de\/wp-json\/wp\/v2\/media\/2811"}],"wp:attachment":[{"href":"https:\/\/comunus.ch\/de\/wp-json\/wp\/v2\/media?parent=4263"}],"wp:term":[{"taxonomy":"category","embeddable":true,"href":"https:\/\/comunus.ch\/de\/wp-json\/wp\/v2\/categories?post=4263"},{"taxonomy":"post_tag","embeddable":true,"href":"https:\/\/comunus.ch\/de\/wp-json\/wp\/v2\/tags?post=4263"},{"taxonomy":"type-of-post","embeddable":true,"href":"https:\/\/comunus.ch\/de\/wp-json\/wp\/v2\/type-of-post?post=4263"},{"taxonomy":"post-year","embeddable":true,"href":"https:\/\/comunus.ch\/de\/wp-json\/wp\/v2\/post-year?post=4263"}],"curies":[{"name":"wp","href":"https:\/\/api.w.org\/{rel}","templated":true}]}}