{"id":4030,"date":"2024-06-28T08:32:28","date_gmt":"2024-06-28T06:32:28","guid":{"rendered":"https:\/\/comunus.ch\/?p=4030"},"modified":"2025-10-05T13:42:40","modified_gmt":"2025-10-05T11:42:40","slug":"succes-de-laugmentation-de-capital-du-28-juin-2024","status":"publish","type":"post","link":"https:\/\/comunus.ch\/de\/succes-de-laugmentation-de-capital-du-28-juin-2024\/","title":{"rendered":"Succ\u00e8s de l\u2019augmentation de capital du 28 juin 2024"},"content":{"rendered":"\n<p>Comunus SICAV a le plaisir d\u2019annoncer que l\u2019augmentation de capital&nbsp;pour un montant de CHF 50 mios a \u00e9t\u00e9 largement sursouscrite.&nbsp;<\/p>\n\n\n\n<p>A l\u2019issue de la p\u00e9riode de souscription, 278\u2019750 actions nouvelles ont \u00e9t\u00e9 \u00e9mises le 28 juin.&nbsp;&nbsp;Le nombre d\u2019actions d\u00e9sormais en circulation est de 2\u2019230\u2019004.-.&nbsp;<\/p>\n\n\n\n<p>Le produit de l\u2019\u00e9mission sera employ\u00e9 pour&nbsp;l\u2019acquisition d\u2019un portefeuille de cinq immeubles r\u00e9sidentiels situ\u00e9s dans l\u2019arc l\u00e9manique d\u2019une valeur de CHF 48 millions, dont une partie est financ\u00e9e par un SWAP. Trois nouveaux objets r\u00e9sidentiels pour une valeur totale de CHF 16 millions ont \u00e9galement \u00e9t\u00e9 acquis \u00e0 Prilly, Lausanne et&nbsp;Territet.&nbsp;&nbsp;<\/p>\n\n\n\n<p>Parmi ces acquisitions, deux immeubles seront d\u00e9velopp\u00e9s afin de g\u00e9n\u00e9rer des gains en capitaux ces prochaines ann\u00e9es et les six autres acquis \u00e0 un rendement brut moyen de 4.8%, viendront am\u00e9liorer le rendement global du portefeuille.&nbsp;<\/p>\n\n\n\n<p>La r\u00e9ussite&nbsp;de cette lev\u00e9e de fonds souligne le lien de confiance \u00e9tabli avec nos investisseurs ainsi que l\u2019arriv\u00e9e de nouveaux investisseurs en vue d\u2019une entr\u00e9e en bourse, pr\u00e9vue dans le courant du premier semestre 2025.<\/p>\n\n\n\n<p><strong><a href=\"https:\/\/comunus.ch\/wp-content\/uploads\/2024\/06\/Augmentation-de-capital-28-juin-2024.pdf\">Succ\u00e8s de l\u2019augmentation de capital du 28 juin 2024<\/a><\/strong><\/p>\n","protected":false},"excerpt":{"rendered":"<p>Comunus SICAV a le plaisir d\u2019annoncer que l\u2019augmentation de capital&nbsp;pour un montant de CHF 50 mios a \u00e9t\u00e9 largement sursouscrite.&nbsp; [&hellip;]<\/p>\n","protected":false},"author":4,"featured_media":2811,"comment_status":"closed","ping_status":"closed","sticky":false,"template":"","format":"standard","meta":{"_acf_changed":false,"footnotes":""},"categories":[3],"tags":[],"type-of-post":[],"post-year":[96],"class_list":["post-4030","post","type-post","status-publish","format-standard","has-post-thumbnail","hentry","category-actualites","post-year-96"],"acf":[],"yoast_head":"<!-- This site is optimized with the Yoast SEO plugin v27.4 - https:\/\/yoast.com\/product\/yoast-seo-wordpress\/ -->\n<title>Succ\u00e8s de l\u2019augmentation de capital du 28 juin 2024 - Comunus<\/title>\n<meta name=\"robots\" content=\"index, follow, max-snippet:-1, max-image-preview:large, max-video-preview:-1\" \/>\n<link rel=\"canonical\" href=\"https:\/\/comunus.ch\/succes-de-laugmentation-de-capital-du-28-juin-2024\/\" \/>\n<meta property=\"og:locale\" content=\"de_DE\" \/>\n<meta property=\"og:type\" content=\"article\" \/>\n<meta property=\"og:title\" content=\"Succ\u00e8s de l\u2019augmentation de capital du 28 juin 2024 - Comunus\" \/>\n<meta property=\"og:description\" content=\"Comunus SICAV a le plaisir d\u2019annoncer que l\u2019augmentation de capital&nbsp;pour un montant de CHF 50 mios a \u00e9t\u00e9 largement sursouscrite.&nbsp; [&hellip;]\" \/>\n<meta property=\"og:url\" content=\"https:\/\/comunus.ch\/succes-de-laugmentation-de-capital-du-28-juin-2024\/\" \/>\n<meta property=\"og:site_name\" content=\"Comunus\" \/>\n<meta property=\"article:published_time\" content=\"2024-06-28T06:32:28+00:00\" \/>\n<meta property=\"article:modified_time\" content=\"2025-10-05T11:42:40+00:00\" \/>\n<meta property=\"og:image\" content=\"https:\/\/comunus.ch\/wp-content\/uploads\/2023\/07\/Actu_CapitalReussi.jpg\" \/>\n\t<meta property=\"og:image:width\" content=\"1024\" \/>\n\t<meta property=\"og:image:height\" content=\"683\" \/>\n\t<meta property=\"og:image:type\" content=\"image\/jpeg\" \/>\n<meta name=\"author\" content=\"Comunus\" \/>\n<meta name=\"twitter:card\" content=\"summary_large_image\" \/>\n<meta name=\"twitter:label1\" content=\"Verfasst von\" \/>\n\t<meta name=\"twitter:data1\" content=\"Comunus\" \/>\n\t<meta name=\"twitter:label2\" content=\"Gesch\u00e4tzte Lesezeit\" \/>\n\t<meta name=\"twitter:data2\" content=\"2\u00a0Minuten\" \/>\n<script type=\"application\/ld+json\" class=\"yoast-schema-graph\">{\"@context\":\"https:\\\/\\\/schema.org\",\"@graph\":[{\"@type\":\"Article\",\"@id\":\"https:\\\/\\\/comunus.ch\\\/succes-de-laugmentation-de-capital-du-28-juin-2024\\\/#article\",\"isPartOf\":{\"@id\":\"https:\\\/\\\/comunus.ch\\\/succes-de-laugmentation-de-capital-du-28-juin-2024\\\/\"},\"author\":{\"name\":\"Comunus\",\"@id\":\"https:\\\/\\\/comunus.ch\\\/#\\\/schema\\\/person\\\/09fd7208ff0bb22afaf011090845c331\"},\"headline\":\"Succ\u00e8s de l\u2019augmentation de capital du 28 juin 2024\",\"datePublished\":\"2024-06-28T06:32:28+00:00\",\"dateModified\":\"2025-10-05T11:42:40+00:00\",\"mainEntityOfPage\":{\"@id\":\"https:\\\/\\\/comunus.ch\\\/succes-de-laugmentation-de-capital-du-28-juin-2024\\\/\"},\"wordCount\":220,\"publisher\":{\"@id\":\"https:\\\/\\\/comunus.ch\\\/#organization\"},\"image\":{\"@id\":\"https:\\\/\\\/comunus.ch\\\/succes-de-laugmentation-de-capital-du-28-juin-2024\\\/#primaryimage\"},\"thumbnailUrl\":\"https:\\\/\\\/comunus.ch\\\/wp-content\\\/uploads\\\/2023\\\/07\\\/Actu_CapitalReussi.jpg\",\"articleSection\":[\"Actualit\u00e9s\"],\"inLanguage\":\"de\"},{\"@type\":\"WebPage\",\"@id\":\"https:\\\/\\\/comunus.ch\\\/succes-de-laugmentation-de-capital-du-28-juin-2024\\\/\",\"url\":\"https:\\\/\\\/comunus.ch\\\/succes-de-laugmentation-de-capital-du-28-juin-2024\\\/\",\"name\":\"Succ\u00e8s de l\u2019augmentation de capital du 28 juin 2024 - Comunus\",\"isPartOf\":{\"@id\":\"https:\\\/\\\/comunus.ch\\\/#website\"},\"primaryImageOfPage\":{\"@id\":\"https:\\\/\\\/comunus.ch\\\/succes-de-laugmentation-de-capital-du-28-juin-2024\\\/#primaryimage\"},\"image\":{\"@id\":\"https:\\\/\\\/comunus.ch\\\/succes-de-laugmentation-de-capital-du-28-juin-2024\\\/#primaryimage\"},\"thumbnailUrl\":\"https:\\\/\\\/comunus.ch\\\/wp-content\\\/uploads\\\/2023\\\/07\\\/Actu_CapitalReussi.jpg\",\"datePublished\":\"2024-06-28T06:32:28+00:00\",\"dateModified\":\"2025-10-05T11:42:40+00:00\",\"breadcrumb\":{\"@id\":\"https:\\\/\\\/comunus.ch\\\/succes-de-laugmentation-de-capital-du-28-juin-2024\\\/#breadcrumb\"},\"inLanguage\":\"de\",\"potentialAction\":[{\"@type\":\"ReadAction\",\"target\":[\"https:\\\/\\\/comunus.ch\\\/succes-de-laugmentation-de-capital-du-28-juin-2024\\\/\"]}]},{\"@type\":\"ImageObject\",\"inLanguage\":\"de\",\"@id\":\"https:\\\/\\\/comunus.ch\\\/succes-de-laugmentation-de-capital-du-28-juin-2024\\\/#primaryimage\",\"url\":\"https:\\\/\\\/comunus.ch\\\/wp-content\\\/uploads\\\/2023\\\/07\\\/Actu_CapitalReussi.jpg\",\"contentUrl\":\"https:\\\/\\\/comunus.ch\\\/wp-content\\\/uploads\\\/2023\\\/07\\\/Actu_CapitalReussi.jpg\",\"width\":1024,\"height\":683},{\"@type\":\"BreadcrumbList\",\"@id\":\"https:\\\/\\\/comunus.ch\\\/succes-de-laugmentation-de-capital-du-28-juin-2024\\\/#breadcrumb\",\"itemListElement\":[{\"@type\":\"ListItem\",\"position\":1,\"name\":\"Home\",\"item\":\"https:\\\/\\\/comunus.ch\\\/de\\\/\"},{\"@type\":\"ListItem\",\"position\":2,\"name\":\"Succ\u00e8s de l\u2019augmentation de capital du 28 juin 2024\"}]},{\"@type\":\"WebSite\",\"@id\":\"https:\\\/\\\/comunus.ch\\\/#website\",\"url\":\"https:\\\/\\\/comunus.ch\\\/\",\"name\":\"Comunus\",\"description\":\"Fonds pour investisseurs qualifi\u00e9s\",\"publisher\":{\"@id\":\"https:\\\/\\\/comunus.ch\\\/#organization\"},\"potentialAction\":[{\"@type\":\"SearchAction\",\"target\":{\"@type\":\"EntryPoint\",\"urlTemplate\":\"https:\\\/\\\/comunus.ch\\\/?s={search_term_string}\"},\"query-input\":{\"@type\":\"PropertyValueSpecification\",\"valueRequired\":true,\"valueName\":\"search_term_string\"}}],\"inLanguage\":\"de\"},{\"@type\":\"Organization\",\"@id\":\"https:\\\/\\\/comunus.ch\\\/#organization\",\"name\":\"Comunus\",\"url\":\"https:\\\/\\\/comunus.ch\\\/\",\"logo\":{\"@type\":\"ImageObject\",\"inLanguage\":\"de\",\"@id\":\"https:\\\/\\\/comunus.ch\\\/#\\\/schema\\\/logo\\\/image\\\/\",\"url\":\"https:\\\/\\\/comunus.ch\\\/wp-content\\\/uploads\\\/2023\\\/07\\\/logo-comunus.svg\",\"contentUrl\":\"https:\\\/\\\/comunus.ch\\\/wp-content\\\/uploads\\\/2023\\\/07\\\/logo-comunus.svg\",\"width\":190,\"height\":26,\"caption\":\"Comunus\"},\"image\":{\"@id\":\"https:\\\/\\\/comunus.ch\\\/#\\\/schema\\\/logo\\\/image\\\/\"}},{\"@type\":\"Person\",\"@id\":\"https:\\\/\\\/comunus.ch\\\/#\\\/schema\\\/person\\\/09fd7208ff0bb22afaf011090845c331\",\"name\":\"Comunus\",\"image\":{\"@type\":\"ImageObject\",\"inLanguage\":\"de\",\"@id\":\"https:\\\/\\\/secure.gravatar.com\\\/avatar\\\/22a43bcdb37518e1004920f2e42ae92c2744ff38ba3a5b194cdcd23c842ba884?s=96&d=mm&r=g\",\"url\":\"https:\\\/\\\/secure.gravatar.com\\\/avatar\\\/22a43bcdb37518e1004920f2e42ae92c2744ff38ba3a5b194cdcd23c842ba884?s=96&d=mm&r=g\",\"contentUrl\":\"https:\\\/\\\/secure.gravatar.com\\\/avatar\\\/22a43bcdb37518e1004920f2e42ae92c2744ff38ba3a5b194cdcd23c842ba884?s=96&d=mm&r=g\",\"caption\":\"Comunus\"},\"url\":\"https:\\\/\\\/comunus.ch\\\/de\\\/author\\\/editeurcomunus\\\/\"}]}<\/script>\n<!-- \/ Yoast SEO plugin. -->","yoast_head_json":{"title":"Succ\u00e8s de l\u2019augmentation de capital du 28 juin 2024 - Comunus","robots":{"index":"index","follow":"follow","max-snippet":"max-snippet:-1","max-image-preview":"max-image-preview:large","max-video-preview":"max-video-preview:-1"},"canonical":"https:\/\/comunus.ch\/succes-de-laugmentation-de-capital-du-28-juin-2024\/","og_locale":"de_DE","og_type":"article","og_title":"Succ\u00e8s de l\u2019augmentation de capital du 28 juin 2024 - Comunus","og_description":"Comunus SICAV a le plaisir d\u2019annoncer que l\u2019augmentation de capital&nbsp;pour un montant de CHF 50 mios a \u00e9t\u00e9 largement sursouscrite.&nbsp; [&hellip;]","og_url":"https:\/\/comunus.ch\/succes-de-laugmentation-de-capital-du-28-juin-2024\/","og_site_name":"Comunus","article_published_time":"2024-06-28T06:32:28+00:00","article_modified_time":"2025-10-05T11:42:40+00:00","og_image":[{"width":1024,"height":683,"url":"https:\/\/comunus.ch\/wp-content\/uploads\/2023\/07\/Actu_CapitalReussi.jpg","type":"image\/jpeg"}],"author":"Comunus","twitter_card":"summary_large_image","twitter_misc":{"Verfasst von":"Comunus","Gesch\u00e4tzte Lesezeit":"2\u00a0Minuten"},"schema":{"@context":"https:\/\/schema.org","@graph":[{"@type":"Article","@id":"https:\/\/comunus.ch\/succes-de-laugmentation-de-capital-du-28-juin-2024\/#article","isPartOf":{"@id":"https:\/\/comunus.ch\/succes-de-laugmentation-de-capital-du-28-juin-2024\/"},"author":{"name":"Comunus","@id":"https:\/\/comunus.ch\/#\/schema\/person\/09fd7208ff0bb22afaf011090845c331"},"headline":"Succ\u00e8s de l\u2019augmentation de capital du 28 juin 2024","datePublished":"2024-06-28T06:32:28+00:00","dateModified":"2025-10-05T11:42:40+00:00","mainEntityOfPage":{"@id":"https:\/\/comunus.ch\/succes-de-laugmentation-de-capital-du-28-juin-2024\/"},"wordCount":220,"publisher":{"@id":"https:\/\/comunus.ch\/#organization"},"image":{"@id":"https:\/\/comunus.ch\/succes-de-laugmentation-de-capital-du-28-juin-2024\/#primaryimage"},"thumbnailUrl":"https:\/\/comunus.ch\/wp-content\/uploads\/2023\/07\/Actu_CapitalReussi.jpg","articleSection":["Actualit\u00e9s"],"inLanguage":"de"},{"@type":"WebPage","@id":"https:\/\/comunus.ch\/succes-de-laugmentation-de-capital-du-28-juin-2024\/","url":"https:\/\/comunus.ch\/succes-de-laugmentation-de-capital-du-28-juin-2024\/","name":"Succ\u00e8s de l\u2019augmentation de capital du 28 juin 2024 - Comunus","isPartOf":{"@id":"https:\/\/comunus.ch\/#website"},"primaryImageOfPage":{"@id":"https:\/\/comunus.ch\/succes-de-laugmentation-de-capital-du-28-juin-2024\/#primaryimage"},"image":{"@id":"https:\/\/comunus.ch\/succes-de-laugmentation-de-capital-du-28-juin-2024\/#primaryimage"},"thumbnailUrl":"https:\/\/comunus.ch\/wp-content\/uploads\/2023\/07\/Actu_CapitalReussi.jpg","datePublished":"2024-06-28T06:32:28+00:00","dateModified":"2025-10-05T11:42:40+00:00","breadcrumb":{"@id":"https:\/\/comunus.ch\/succes-de-laugmentation-de-capital-du-28-juin-2024\/#breadcrumb"},"inLanguage":"de","potentialAction":[{"@type":"ReadAction","target":["https:\/\/comunus.ch\/succes-de-laugmentation-de-capital-du-28-juin-2024\/"]}]},{"@type":"ImageObject","inLanguage":"de","@id":"https:\/\/comunus.ch\/succes-de-laugmentation-de-capital-du-28-juin-2024\/#primaryimage","url":"https:\/\/comunus.ch\/wp-content\/uploads\/2023\/07\/Actu_CapitalReussi.jpg","contentUrl":"https:\/\/comunus.ch\/wp-content\/uploads\/2023\/07\/Actu_CapitalReussi.jpg","width":1024,"height":683},{"@type":"BreadcrumbList","@id":"https:\/\/comunus.ch\/succes-de-laugmentation-de-capital-du-28-juin-2024\/#breadcrumb","itemListElement":[{"@type":"ListItem","position":1,"name":"Home","item":"https:\/\/comunus.ch\/de\/"},{"@type":"ListItem","position":2,"name":"Succ\u00e8s de l\u2019augmentation de capital du 28 juin 2024"}]},{"@type":"WebSite","@id":"https:\/\/comunus.ch\/#website","url":"https:\/\/comunus.ch\/","name":"Comunus","description":"Fonds pour investisseurs qualifi\u00e9s","publisher":{"@id":"https:\/\/comunus.ch\/#organization"},"potentialAction":[{"@type":"SearchAction","target":{"@type":"EntryPoint","urlTemplate":"https:\/\/comunus.ch\/?s={search_term_string}"},"query-input":{"@type":"PropertyValueSpecification","valueRequired":true,"valueName":"search_term_string"}}],"inLanguage":"de"},{"@type":"Organization","@id":"https:\/\/comunus.ch\/#organization","name":"Comunus","url":"https:\/\/comunus.ch\/","logo":{"@type":"ImageObject","inLanguage":"de","@id":"https:\/\/comunus.ch\/#\/schema\/logo\/image\/","url":"https:\/\/comunus.ch\/wp-content\/uploads\/2023\/07\/logo-comunus.svg","contentUrl":"https:\/\/comunus.ch\/wp-content\/uploads\/2023\/07\/logo-comunus.svg","width":190,"height":26,"caption":"Comunus"},"image":{"@id":"https:\/\/comunus.ch\/#\/schema\/logo\/image\/"}},{"@type":"Person","@id":"https:\/\/comunus.ch\/#\/schema\/person\/09fd7208ff0bb22afaf011090845c331","name":"Comunus","image":{"@type":"ImageObject","inLanguage":"de","@id":"https:\/\/secure.gravatar.com\/avatar\/22a43bcdb37518e1004920f2e42ae92c2744ff38ba3a5b194cdcd23c842ba884?s=96&d=mm&r=g","url":"https:\/\/secure.gravatar.com\/avatar\/22a43bcdb37518e1004920f2e42ae92c2744ff38ba3a5b194cdcd23c842ba884?s=96&d=mm&r=g","contentUrl":"https:\/\/secure.gravatar.com\/avatar\/22a43bcdb37518e1004920f2e42ae92c2744ff38ba3a5b194cdcd23c842ba884?s=96&d=mm&r=g","caption":"Comunus"},"url":"https:\/\/comunus.ch\/de\/author\/editeurcomunus\/"}]}},"_links":{"self":[{"href":"https:\/\/comunus.ch\/de\/wp-json\/wp\/v2\/posts\/4030","targetHints":{"allow":["GET"]}}],"collection":[{"href":"https:\/\/comunus.ch\/de\/wp-json\/wp\/v2\/posts"}],"about":[{"href":"https:\/\/comunus.ch\/de\/wp-json\/wp\/v2\/types\/post"}],"author":[{"embeddable":true,"href":"https:\/\/comunus.ch\/de\/wp-json\/wp\/v2\/users\/4"}],"replies":[{"embeddable":true,"href":"https:\/\/comunus.ch\/de\/wp-json\/wp\/v2\/comments?post=4030"}],"version-history":[{"count":1,"href":"https:\/\/comunus.ch\/de\/wp-json\/wp\/v2\/posts\/4030\/revisions"}],"predecessor-version":[{"id":4034,"href":"https:\/\/comunus.ch\/de\/wp-json\/wp\/v2\/posts\/4030\/revisions\/4034"}],"wp:featuredmedia":[{"embeddable":true,"href":"https:\/\/comunus.ch\/de\/wp-json\/wp\/v2\/media\/2811"}],"wp:attachment":[{"href":"https:\/\/comunus.ch\/de\/wp-json\/wp\/v2\/media?parent=4030"}],"wp:term":[{"taxonomy":"category","embeddable":true,"href":"https:\/\/comunus.ch\/de\/wp-json\/wp\/v2\/categories?post=4030"},{"taxonomy":"post_tag","embeddable":true,"href":"https:\/\/comunus.ch\/de\/wp-json\/wp\/v2\/tags?post=4030"},{"taxonomy":"type-of-post","embeddable":true,"href":"https:\/\/comunus.ch\/de\/wp-json\/wp\/v2\/type-of-post?post=4030"},{"taxonomy":"post-year","embeddable":true,"href":"https:\/\/comunus.ch\/de\/wp-json\/wp\/v2\/post-year?post=4030"}],"curies":[{"name":"wp","href":"https:\/\/api.w.org\/{rel}","templated":true}]}}